{"id":133447,"date":"2024-03-18T08:54:17","date_gmt":"2024-03-18T11:54:17","guid":{"rendered":"https:\/\/corrientesdetarde.com\/?p=133447"},"modified":"2024-03-18T08:54:29","modified_gmt":"2024-03-18T11:54:29","slug":"vendian-alimentos-y-bebidas-vencidas","status":"publish","type":"post","link":"https:\/\/corrientesdetarde.com\/index.php\/policiales\/vendian-alimentos-y-bebidas-vencidas\/","title":{"rendered":"Vend\u00edan alimentos y bebidas vencidas"},"content":{"rendered":"\n<p>Juan Pellegrini, director de Bromatolog\u00eda Municipal de Esquina, se refiri\u00f3 respecto a la &#8220;situaci\u00f3n preocupante&#8221; que observan a la hora de supervisar comercios en la localidad.<\/p>\n\n\n\n<p>\u00abSe realizan controles de rutina, como siempre se ha hecho en la Direcci\u00f3n de Bromatolog\u00eda pero nunca hab\u00edamos encontrado tantas gaseosas y cervezas vencidas\u00bb, expres\u00f3 Pellegrini.<\/p>\n\n\n\n<p>&nbsp;Adem\u00e1s, mencion\u00f3 que los comerciantes solicitaron previamente a los distribuidores prestar m\u00e1s atenci\u00f3n a las fechas de vencimiento al dejar la mercader\u00eda, ya que a veces el plazo es muy corto.<\/p>\n\n\n\n<p>\u00abMercader\u00eda vencida es mercader\u00eda vencida. No hay ni devoluci\u00f3n ni nada que parezca&#8221; dijo el funcionario y al respecto se\u00f1al\u00f3 que se ha implementado un proceso de actas de comiso para que los comerciantes puedan hacer los reclamos pertinentes.<\/p>\n\n\n\n<p>Respecto al destino de la mercader\u00eda decomisada, Pellegrini explic\u00f3 que &#8220;en el caso de gaseosas y cervezas, lo desnaturalizamos aqu\u00ed en la oficina, en la pileta. Lo quemamos todo. Para otros productos como papas fritas, se abren las bolsas y se tiran los residuos, que luego son llevados al vertedero&#8221;.<\/p>\n\n\n\n<p>Pellegrini tambi\u00e9n abord\u00f3 el tema de la reacci\u00f3n de los comerciantes ante estos controles y dijo que &#8220;algunos intentan pedir que se les reponga la mercader\u00eda decomisada, pero esto no es posible una vez que se ha detectado que est\u00e1 vencida o con fechas borradas&#8221;.<\/p>\n\n\n\n<p>Para finalizar, Pellegrini cont\u00f3 que la jurisdicci\u00f3n de la Direcci\u00f3n de Bromatolog\u00eda se extiende a todos los comercios, incluyendo farmacias, aunque en estos \u00faltimos se trata principalmente de cuestiones relacionadas con libretas alimentarias y otros requisitos espec\u00edficos para manipuladores de alimentos.<\/p>\n","protected":false},"excerpt":{"rendered":"<p>Juan Pellegrini, director de Bromatolog\u00eda Municipal de Esquina, se refiri\u00f3 respecto a la &#8220;situaci\u00f3n preocupante&#8221; que observan a la hora de supervisar comercios en la localidad. \u00abSe realizan controles de&hellip; <\/p>\n","protected":false},"author":12,"featured_media":133456,"comment_status":"closed","ping_status":"open","sticky":false,"template":"","format":"standard","meta":{"footnotes":""},"categories":[33],"tags":[],"class_list":["post-133447","post","type-post","status-publish","format-standard","has-post-thumbnail","hentry","category-policiales"],"_links":{"self":[{"href":"https:\/\/corrientesdetarde.com\/index.php\/wp-json\/wp\/v2\/posts\/133447","targetHints":{"allow":["GET"]}}],"collection":[{"href":"https:\/\/corrientesdetarde.com\/index.php\/wp-json\/wp\/v2\/posts"}],"about":[{"href":"https:\/\/corrientesdetarde.com\/index.php\/wp-json\/wp\/v2\/types\/post"}],"author":[{"embeddable":true,"href":"https:\/\/corrientesdetarde.com\/index.php\/wp-json\/wp\/v2\/users\/12"}],"replies":[{"embeddable":true,"href":"https:\/\/corrientesdetarde.com\/index.php\/wp-json\/wp\/v2\/comments?post=133447"}],"version-history":[{"count":1,"href":"https:\/\/corrientesdetarde.com\/index.php\/wp-json\/wp\/v2\/posts\/133447\/revisions"}],"predecessor-version":[{"id":133457,"href":"https:\/\/corrientesdetarde.com\/index.php\/wp-json\/wp\/v2\/posts\/133447\/revisions\/133457"}],"wp:featuredmedia":[{"embeddable":true,"href":"https:\/\/corrientesdetarde.com\/index.php\/wp-json\/wp\/v2\/media\/133456"}],"wp:attachment":[{"href":"https:\/\/corrientesdetarde.com\/index.php\/wp-json\/wp\/v2\/media?parent=133447"}],"wp:term":[{"taxonomy":"category","embeddable":true,"href":"https:\/\/corrientesdetarde.com\/index.php\/wp-json\/wp\/v2\/categories?post=133447"},{"taxonomy":"post_tag","embeddable":true,"href":"https:\/\/corrientesdetarde.com\/index.php\/wp-json\/wp\/v2\/tags?post=133447"}],"curies":[{"name":"wp","href":"https:\/\/api.w.org\/{rel}","templated":true}]}}