{"id":133449,"date":"2024-03-18T08:49:42","date_gmt":"2024-03-18T11:49:42","guid":{"rendered":"https:\/\/corrientesdetarde.com\/?p=133449"},"modified":"2024-03-18T08:50:17","modified_gmt":"2024-03-18T11:50:17","slug":"se-reprogramo-para-el-25-de-marzo-el-acto-de-inicio-del-ciclo-lectivo-de-los-cdi-provinciales","status":"publish","type":"post","link":"https:\/\/corrientesdetarde.com\/index.php\/sociales\/se-reprogramo-para-el-25-de-marzo-el-acto-de-inicio-del-ciclo-lectivo-de-los-cdi-provinciales\/","title":{"rendered":"Se reprogram\u00f3 para el 25 de marzo el acto de Inicio del ciclo lectivo de los CDI Provinciales"},"content":{"rendered":"\n<p>El Ministerio de Desarrollo Social informa que se reprogram\u00f3 para el d\u00eda 25 de marzo el acto de inicio de ciclo lectivo de los Centros de Desarrollo Infantil de la Provincia, previsto para este lunes 18, debido a las condiciones clim\u00e1ticas. Se realizar\u00e1 a partir de las 9.30 en el CDI Padre Mujica, ubicado en el barrio Jos\u00e9 Pasaje S\u00e1ez 1370.&nbsp;<\/p>\n\n\n\n<p>El acto, estar\u00e1 bajo la coordinaci\u00f3n de la Direcci\u00f3n de los Derechos de la Ni\u00f1ez y la Familia cuyo titular es Manuel Santamar\u00eda.\u00a0<\/p>\n\n\n\n<figure class=\"wp-block-image size-full\"><img loading=\"lazy\" decoding=\"async\" width=\"940\" height=\"788\" src=\"https:\/\/corrientesdetarde.com\/wp-content\/uploads\/2024\/03\/image-431.png\" alt=\"\" class=\"wp-image-133450\" srcset=\"https:\/\/corrientesdetarde.com\/wp-content\/uploads\/2024\/03\/image-431.png 940w, https:\/\/corrientesdetarde.com\/wp-content\/uploads\/2024\/03\/image-431-300x251.png 300w, https:\/\/corrientesdetarde.com\/wp-content\/uploads\/2024\/03\/image-431-768x644.png 768w\" sizes=\"auto, (max-width: 940px) 100vw, 940px\" \/><\/figure>\n","protected":false},"excerpt":{"rendered":"<p>El Ministerio de Desarrollo Social informa que se reprogram\u00f3 para el d\u00eda 25 de marzo el acto de inicio de ciclo lectivo de los Centros de Desarrollo Infantil de la&hellip; <\/p>\n","protected":false},"author":12,"featured_media":133450,"comment_status":"closed","ping_status":"open","sticky":false,"template":"","format":"standard","meta":{"footnotes":""},"categories":[32,17],"tags":[],"class_list":["post-133449","post","type-post","status-publish","format-standard","has-post-thumbnail","hentry","category-educacion","category-sociales"],"_links":{"self":[{"href":"https:\/\/corrientesdetarde.com\/index.php\/wp-json\/wp\/v2\/posts\/133449","targetHints":{"allow":["GET"]}}],"collection":[{"href":"https:\/\/corrientesdetarde.com\/index.php\/wp-json\/wp\/v2\/posts"}],"about":[{"href":"https:\/\/corrientesdetarde.com\/index.php\/wp-json\/wp\/v2\/types\/post"}],"author":[{"embeddable":true,"href":"https:\/\/corrientesdetarde.com\/index.php\/wp-json\/wp\/v2\/users\/12"}],"replies":[{"embeddable":true,"href":"https:\/\/corrientesdetarde.com\/index.php\/wp-json\/wp\/v2\/comments?post=133449"}],"version-history":[{"count":1,"href":"https:\/\/corrientesdetarde.com\/index.php\/wp-json\/wp\/v2\/posts\/133449\/revisions"}],"predecessor-version":[{"id":133451,"href":"https:\/\/corrientesdetarde.com\/index.php\/wp-json\/wp\/v2\/posts\/133449\/revisions\/133451"}],"wp:featuredmedia":[{"embeddable":true,"href":"https:\/\/corrientesdetarde.com\/index.php\/wp-json\/wp\/v2\/media\/133450"}],"wp:attachment":[{"href":"https:\/\/corrientesdetarde.com\/index.php\/wp-json\/wp\/v2\/media?parent=133449"}],"wp:term":[{"taxonomy":"category","embeddable":true,"href":"https:\/\/corrientesdetarde.com\/index.php\/wp-json\/wp\/v2\/categories?post=133449"},{"taxonomy":"post_tag","embeddable":true,"href":"https:\/\/corrientesdetarde.com\/index.php\/wp-json\/wp\/v2\/tags?post=133449"}],"curies":[{"name":"wp","href":"https:\/\/api.w.org\/{rel}","templated":true}]}}