{"id":133484,"date":"2024-03-18T10:53:34","date_gmt":"2024-03-18T13:53:34","guid":{"rendered":"https:\/\/corrientesdetarde.com\/?p=133484"},"modified":"2024-03-18T10:57:23","modified_gmt":"2024-03-18T13:57:23","slug":"la-uta-amenaza-con-un-paro-de-colectivos-por-tiempo-indeterminado","status":"publish","type":"post","link":"https:\/\/corrientesdetarde.com\/index.php\/actualidad\/la-uta-amenaza-con-un-paro-de-colectivos-por-tiempo-indeterminado\/","title":{"rendered":"la UTA amenaza con un paro de colectivos por tiempo indeterminado"},"content":{"rendered":"\n<p>A la espera de una nueva reuni\u00f3n con el sector empresario, la Uni\u00f3n Tranviarios Automotor (UTA)&nbsp;&nbsp;<strong>amenaz\u00f3 con un paro<\/strong>&nbsp; de tiempo indeterminado en Corrientes si no se llega a un acuerdo salarial.<\/p>\n\n\n\n<p>El encuentro est\u00e1 pautado para este martes.&nbsp;<\/p>\n\n\n\n<p>Por un lado, la UTA propone un aumento del 83.6% sobre un salario b\u00e1sico de $537.000 en el periodo de enero y marzo, incluyendo $4.087 de vi\u00e1ticos diarios. Mientras que la Federaci\u00f3n Argentina de Transportadores por Automotor de Pasajeros (Fatap)&nbsp;se resiste a aceptar la propuesta.<\/p>\n\n\n\n<p><strong>&#8220;Si ma\u00f1ana (por el martes) no tenemos soluci\u00f3n, posiblemente iremos a una medida de fuerza por tiempo indeterminado&#8221;<\/strong>,&nbsp; afirm\u00f3 el secretario de la UTA Corrientes, Jos\u00e9 Luis Sabao.&nbsp;<\/p>\n\n\n\n<p>El titular del gremio sostuvo que los empresarios tambi\u00e9n adeudan &#8220;una suma de 60 mil pesos&#8221;.&nbsp;<\/p>\n\n\n\n<p>Por otra parte, indic\u00f3 que el Procedimiento Preventivo de Crisis presentado por la Fatap &#8220;no corresponde para nada, est\u00e1 incompleto y lo hemos rechazado en la Secretar\u00eda de Trabajo de la Provincia y en el Ministerio de Trabajo de la Naci\u00f3n&#8221;.&nbsp;<\/p>\n\n\n\n<p>Sabao asegur\u00f3 que esta situaci\u00f3n se da por &#8220;la quita de subsidios a nivel nacional&#8221;. Esta medida &#8220;empeor\u00f3 la situaci\u00f3n del transporte&#8221;.\u00a0<\/p>\n\n\n\n<p>Por \u00faltimo resalt\u00f3 que &#8220;es urgente una reuni\u00f3n con el Gobierno provincial y Municipio para hablar sobre la cuesti\u00f3n&#8221;.<\/p>\n","protected":false},"excerpt":{"rendered":"<p>A la espera de una nueva reuni\u00f3n con el sector empresario, la Uni\u00f3n Tranviarios Automotor (UTA)&nbsp;&nbsp;amenaz\u00f3 con un paro&nbsp; de tiempo indeterminado en Corrientes si no se llega a un&hellip; <\/p>\n","protected":false},"author":12,"featured_media":19143,"comment_status":"closed","ping_status":"open","sticky":false,"template":"","format":"standard","meta":{"footnotes":""},"categories":[23],"tags":[],"class_list":["post-133484","post","type-post","status-publish","format-standard","has-post-thumbnail","hentry","category-actualidad"],"_links":{"self":[{"href":"https:\/\/corrientesdetarde.com\/index.php\/wp-json\/wp\/v2\/posts\/133484","targetHints":{"allow":["GET"]}}],"collection":[{"href":"https:\/\/corrientesdetarde.com\/index.php\/wp-json\/wp\/v2\/posts"}],"about":[{"href":"https:\/\/corrientesdetarde.com\/index.php\/wp-json\/wp\/v2\/types\/post"}],"author":[{"embeddable":true,"href":"https:\/\/corrientesdetarde.com\/index.php\/wp-json\/wp\/v2\/users\/12"}],"replies":[{"embeddable":true,"href":"https:\/\/corrientesdetarde.com\/index.php\/wp-json\/wp\/v2\/comments?post=133484"}],"version-history":[{"count":1,"href":"https:\/\/corrientesdetarde.com\/index.php\/wp-json\/wp\/v2\/posts\/133484\/revisions"}],"predecessor-version":[{"id":133491,"href":"https:\/\/corrientesdetarde.com\/index.php\/wp-json\/wp\/v2\/posts\/133484\/revisions\/133491"}],"wp:featuredmedia":[{"embeddable":true,"href":"https:\/\/corrientesdetarde.com\/index.php\/wp-json\/wp\/v2\/media\/19143"}],"wp:attachment":[{"href":"https:\/\/corrientesdetarde.com\/index.php\/wp-json\/wp\/v2\/media?parent=133484"}],"wp:term":[{"taxonomy":"category","embeddable":true,"href":"https:\/\/corrientesdetarde.com\/index.php\/wp-json\/wp\/v2\/categories?post=133484"},{"taxonomy":"post_tag","embeddable":true,"href":"https:\/\/corrientesdetarde.com\/index.php\/wp-json\/wp\/v2\/tags?post=133484"}],"curies":[{"name":"wp","href":"https:\/\/api.w.org\/{rel}","templated":true}]}}