{"id":133486,"date":"2024-03-18T10:14:28","date_gmt":"2024-03-18T13:14:28","guid":{"rendered":"https:\/\/corrientesdetarde.com\/?p=133486"},"modified":"2024-03-18T10:14:31","modified_gmt":"2024-03-18T13:14:31","slug":"denuncia-que-un-guia-de-pesca-le-robo-su-lancha-e-intenta-recuperarla","status":"publish","type":"post","link":"https:\/\/corrientesdetarde.com\/index.php\/policiales\/denuncia-que-un-guia-de-pesca-le-robo-su-lancha-e-intenta-recuperarla\/","title":{"rendered":"Denuncia que un gu\u00eda de pesca le rob\u00f3 su lancha e intenta recuperarla\u00a0"},"content":{"rendered":"\n<p>Un hombre denunci\u00f3 que un&nbsp;gu\u00eda de pesca le rob\u00f3 su lancha en la localidad correntina de Paso de la Patr\u00eda.&nbsp;<\/p>\n\n\n\n<p>Se trata de Jos\u00e9 Silva, quien el mi\u00e9rcoles pasado sufri\u00f3 el robo de su lancha que estaba en su domicilio ubicado de Paso de la Patria.&nbsp;<\/p>\n\n\n\n<p>Silva detall\u00f3 que un vecino le\u00a0llam\u00f3\u00a0el jueves para avisarle que &#8220;Antonio&#8221; se llev\u00f3 su lancha y no la trajo.\u00a0<\/p>\n\n\n\n<p>&nbsp;&#8220;Vino el tractor de la candelaria y la llevaron. La sacaron en una camioneta gris&#8221;, asegur\u00f3 Silva.&nbsp;<\/p>\n\n\n\n<p>Por tal motivo, Jos\u00e9 Silva ofrece una muy buena recompensa para poder dar con el sujeto y poder recuperar su lancha.&nbsp;<\/p>\n\n\n<div class=\"wp-block-image\">\n<figure class=\"aligncenter\"><img decoding=\"async\" src=\"https:\/\/pxc.cdn.ellitoral.com.ar\/litoral\/032024\/1710764028483\/WhatsApp%20Image%202024-03-18%20at%2009.01.04.webp?cw=576&amp;ch=528&amp;extw=jpeg\" alt=\"Denuncia que un gu\u00eda de pesca le rob\u00f3 su lancha e intenta recuperarla\u00a0\"\/><\/figure>\n<\/div>\n\n\n<p>Ante el hecho, Jos\u00e9 Silva radic\u00f3 la denuncia en la comisar\u00eda del distrito de Paso de la Patria.&nbsp;<\/p>\n","protected":false},"excerpt":{"rendered":"<p>Un hombre denunci\u00f3 que un&nbsp;gu\u00eda de pesca le rob\u00f3 su lancha en la localidad correntina de Paso de la Patr\u00eda.&nbsp; Se trata de Jos\u00e9 Silva, quien el mi\u00e9rcoles pasado sufri\u00f3&hellip; <\/p>\n","protected":false},"author":12,"featured_media":133487,"comment_status":"closed","ping_status":"open","sticky":false,"template":"","format":"standard","meta":{"footnotes":""},"categories":[33],"tags":[],"class_list":["post-133486","post","type-post","status-publish","format-standard","has-post-thumbnail","hentry","category-policiales"],"_links":{"self":[{"href":"https:\/\/corrientesdetarde.com\/index.php\/wp-json\/wp\/v2\/posts\/133486","targetHints":{"allow":["GET"]}}],"collection":[{"href":"https:\/\/corrientesdetarde.com\/index.php\/wp-json\/wp\/v2\/posts"}],"about":[{"href":"https:\/\/corrientesdetarde.com\/index.php\/wp-json\/wp\/v2\/types\/post"}],"author":[{"embeddable":true,"href":"https:\/\/corrientesdetarde.com\/index.php\/wp-json\/wp\/v2\/users\/12"}],"replies":[{"embeddable":true,"href":"https:\/\/corrientesdetarde.com\/index.php\/wp-json\/wp\/v2\/comments?post=133486"}],"version-history":[{"count":1,"href":"https:\/\/corrientesdetarde.com\/index.php\/wp-json\/wp\/v2\/posts\/133486\/revisions"}],"predecessor-version":[{"id":133488,"href":"https:\/\/corrientesdetarde.com\/index.php\/wp-json\/wp\/v2\/posts\/133486\/revisions\/133488"}],"wp:featuredmedia":[{"embeddable":true,"href":"https:\/\/corrientesdetarde.com\/index.php\/wp-json\/wp\/v2\/media\/133487"}],"wp:attachment":[{"href":"https:\/\/corrientesdetarde.com\/index.php\/wp-json\/wp\/v2\/media?parent=133486"}],"wp:term":[{"taxonomy":"category","embeddable":true,"href":"https:\/\/corrientesdetarde.com\/index.php\/wp-json\/wp\/v2\/categories?post=133486"},{"taxonomy":"post_tag","embeddable":true,"href":"https:\/\/corrientesdetarde.com\/index.php\/wp-json\/wp\/v2\/tags?post=133486"}],"curies":[{"name":"wp","href":"https:\/\/api.w.org\/{rel}","templated":true}]}}