{"id":133492,"date":"2024-03-18T11:46:12","date_gmt":"2024-03-18T14:46:12","guid":{"rendered":"https:\/\/corrientesdetarde.com\/?p=133492"},"modified":"2024-03-18T11:46:24","modified_gmt":"2024-03-18T14:46:24","slug":"el-gobernador-gustavo-valdes-admitio-que-se-hara-otro-esfuerzo-presupuestario-para-los-salarios","status":"publish","type":"post","link":"https:\/\/corrientesdetarde.com\/index.php\/economia\/el-gobernador-gustavo-valdes-admitio-que-se-hara-otro-esfuerzo-presupuestario-para-los-salarios\/","title":{"rendered":"El gobernador Gustavo Vald\u00e9s admiti\u00f3 que &#8220;se har\u00e1 otro esfuerzo presupuestario&#8221; para los salarios"},"content":{"rendered":"\n<p>El gobernador de la provincia, Gustavo Vald\u00e9s, habl\u00f3 con la prensa sobre un posible aumento salarial en el mes de abril, y expuso: &#8220;estamos hablando, evaluando, cuando terminemos vamos a estar haciendo otro refuerzo presupuestario&#8221;.<\/p>\n\n\n\n<p>En otro sentido, sobre el pacto de mayo que convoc\u00f3 el gobierno nacional, el primer mandatario expres\u00f3: &#8220;vamos a estar acompa\u00f1ando, eso doloros\u00edsimo lo que nos est\u00e1 pasando, nos est\u00e1 doliendo mucho, hay gente que no le alcanza, pero por primera vez en mucho a\u00f1os el gobierno tiene super\u00e1vit, empezamos a normalizar al econom\u00eda&#8221;; y afirm\u00f3: &#8220;s\u00e9 que es muy dif\u00edcil para los gobierno provinciales, pero hoy estamos teniendo una desaceleraci\u00f3n de la inflaci\u00f3n, tenemos que hacer esto para empezar a pensar en crecer, gastar la plata es f\u00e1cil, lo dif\u00edcil es recomponer, ahorrar y administrar&#8221;.<\/p>\n\n\n\n<p>De la ca\u00edda en la recaudaci\u00f3n provincial, el Gobernador, manifest\u00f3: &#8220;eso nos obliga a saber administrar mucho mejor los recursos para que alcancen, se est\u00e1 proponiendo un camino diferente, esperamos que pueda seguirse&#8221;.<\/p>\n\n\n\n<p>En cuanto a lo pol\u00edtico, si hubo un malestar por el voto negativo del senador Lousteau al DNU, Gustavo Vald\u00e9s, mencion\u00f3: &#8220;no, no hay intensi\u00f3n, hay puntos de vista diferentes&#8221;.<\/p>\n\n\n\n<p>Al mismo tiempo, de la relaci\u00f3n con los gobernadores de JxC, el primer mandatario, remarc\u00f3: &#8220;estamos en permanente contacto los gobernadores de Juntos por el Cambio, hoy amerita que hay una conversaci\u00f3n pol\u00edtica&#8221;; y agreg\u00f3: &#8220;cada partido decide qui\u00e9n es su presidente, ojal\u00e1 que podamos ponernos de acuerdo&#8221;.<\/p>\n\n\n\n<p>Y destac\u00f3: &#8220;el equilibrio fiscal es b\u00e1sico para sentar las bases de una Argentina diferente&#8221;.<\/p>\n\n\n\n<p>Por \u00faltimo, de la relaci\u00f3n de los gobernadores del norte grande, Gustavo Vald\u00e9s, se\u00f1al\u00f3: &#8220;vamos a tener una reuni\u00f3n de gobernadores del norte grande en Salta&#8221;.<\/p>\n","protected":false},"excerpt":{"rendered":"<p>El gobernador de la provincia, Gustavo Vald\u00e9s, habl\u00f3 con la prensa sobre un posible aumento salarial en el mes de abril, y expuso: &#8220;estamos hablando, evaluando, cuando terminemos vamos a&hellip; <\/p>\n","protected":false},"author":1,"featured_media":128096,"comment_status":"closed","ping_status":"open","sticky":false,"template":"","format":"standard","meta":{"footnotes":""},"categories":[20],"tags":[],"class_list":["post-133492","post","type-post","status-publish","format-standard","has-post-thumbnail","hentry","category-economia"],"_links":{"self":[{"href":"https:\/\/corrientesdetarde.com\/index.php\/wp-json\/wp\/v2\/posts\/133492","targetHints":{"allow":["GET"]}}],"collection":[{"href":"https:\/\/corrientesdetarde.com\/index.php\/wp-json\/wp\/v2\/posts"}],"about":[{"href":"https:\/\/corrientesdetarde.com\/index.php\/wp-json\/wp\/v2\/types\/post"}],"author":[{"embeddable":true,"href":"https:\/\/corrientesdetarde.com\/index.php\/wp-json\/wp\/v2\/users\/1"}],"replies":[{"embeddable":true,"href":"https:\/\/corrientesdetarde.com\/index.php\/wp-json\/wp\/v2\/comments?post=133492"}],"version-history":[{"count":1,"href":"https:\/\/corrientesdetarde.com\/index.php\/wp-json\/wp\/v2\/posts\/133492\/revisions"}],"predecessor-version":[{"id":133498,"href":"https:\/\/corrientesdetarde.com\/index.php\/wp-json\/wp\/v2\/posts\/133492\/revisions\/133498"}],"wp:featuredmedia":[{"embeddable":true,"href":"https:\/\/corrientesdetarde.com\/index.php\/wp-json\/wp\/v2\/media\/128096"}],"wp:attachment":[{"href":"https:\/\/corrientesdetarde.com\/index.php\/wp-json\/wp\/v2\/media?parent=133492"}],"wp:term":[{"taxonomy":"category","embeddable":true,"href":"https:\/\/corrientesdetarde.com\/index.php\/wp-json\/wp\/v2\/categories?post=133492"},{"taxonomy":"post_tag","embeddable":true,"href":"https:\/\/corrientesdetarde.com\/index.php\/wp-json\/wp\/v2\/tags?post=133492"}],"curies":[{"name":"wp","href":"https:\/\/api.w.org\/{rel}","templated":true}]}}