{"id":133494,"date":"2024-03-18T10:56:52","date_gmt":"2024-03-18T13:56:52","guid":{"rendered":"https:\/\/corrientesdetarde.com\/?p=133494"},"modified":"2024-03-18T10:57:27","modified_gmt":"2024-03-18T13:57:27","slug":"mirtha-legrand-pidio-que-no-cierren-el-cine-gaumont-y-critico-el-plan-motosierra-de-milei","status":"publish","type":"post","link":"https:\/\/corrientesdetarde.com\/index.php\/espectaculos\/mirtha-legrand-pidio-que-no-cierren-el-cine-gaumont-y-critico-el-plan-motosierra-de-milei\/","title":{"rendered":"Mirtha Legrand pidi\u00f3 que no cierren el Cine Gaumont y critic\u00f3 el plan &#8220;motosierra&#8221; de Milei"},"content":{"rendered":"\n<p>Mirtha Legrand habl\u00f3 en su programa sobre el posible cierre del cine Gaumont, y se proclam\u00f3 en contra de los recortes en el Instituto Nacional de Cine y Artes Audiovisuales (INCAA).<br>&#8220;Que no cierre el Gaumont, chicos. La gente del ambiente tenemos que hacer fuerza, tenemos que hacer algo para que no cierre&#8221;, remarc\u00f3 la conductora.\u00a0<br>Y haciendo una cr\u00edtica directa hacia la administraci\u00f3n de Javier Milei, agreg\u00f3: &#8220;\u00bfQu\u00e9 puede costar mantener el cine Gaumont? Yo fui hace poco, est\u00e1 espl\u00e9ndido, en muy buenas condiciones, es una l\u00e1stima. Lo del Instituto de Cine (INCAA) tambi\u00e9n. Es terrible&#8221;.<\/p>\n\n\n\n<figure class=\"wp-block-embed is-type-rich is-provider-twitter wp-block-embed-twitter\"><div class=\"wp-block-embed__wrapper\">\n<blockquote class=\"twitter-tweet\" data-width=\"550\" data-dnt=\"true\"><p lang=\"es\" dir=\"ltr\">Mirtha la ve y vos no. Fin. <a href=\"https:\/\/t.co\/2F6lyJchiu\">pic.twitter.com\/2F6lyJchiu<\/a><\/p>&mdash; PERIODISTA DE PER\u00d3N (@PERIODlSTAPERON) <a href=\"https:\/\/twitter.com\/PERIODlSTAPERON\/status\/1769197895092211737?ref_src=twsrc%5Etfw\">March 17, 2024<\/a><\/blockquote><script async src=\"https:\/\/platform.twitter.com\/widgets.js\" charset=\"utf-8\"><\/script>\n<\/div><\/figure>\n\n\n\n<p>Adem\u00e1s, Mirtha Legrand revel\u00f3: &#8220;Hay que reconocer las pel\u00edculas que se pasaron en los festivales y tuvieron premios. Es un orgullo para la Argentina&#8221;, vale recordar que ella, al igual que su hermana y hermano, forman parte de la \u00e9poca de oro del cine nacional y el desarrollo de esta industria cultural.<\/p>\n\n\n\n<p>En este contexto, hubo un fuerte ida y vuelta entre el Puma Goity y Ceferino Reato, luego de que el periodista apuntara contra la ideolog\u00eda de los actores y los acus\u00f3 de ser &#8220;Kirchneristas&#8221;. Ante esto, el artista manifest\u00f3: &#8220;Los actores somos muchos. Si vos dec\u00eds que que todos estamos embanderados estamos en problemas porque somos m\u00e1s de 20.000 actores&#8221;.<\/p>\n\n\n\n<p>&#8220;Me parece muy poco inteligente decir que porque estos son &#8220;k&#8221; entonces vamos a cerrar el INCAA. Est\u00e1s cortando por el hilo m\u00e1s delgado y dej\u00e1s afuera lo m\u00e1s importante&#8221;, afirm\u00f3.<\/p>\n","protected":false},"excerpt":{"rendered":"<p>Mirtha Legrand habl\u00f3 en su programa sobre el posible cierre del cine Gaumont, y se proclam\u00f3 en contra de los recortes en el Instituto Nacional de Cine y Artes Audiovisuales&hellip; <\/p>\n","protected":false},"author":12,"featured_media":56804,"comment_status":"closed","ping_status":"open","sticky":false,"template":"","format":"standard","meta":{"footnotes":""},"categories":[19],"tags":[],"class_list":["post-133494","post","type-post","status-publish","format-standard","has-post-thumbnail","hentry","category-espectaculos"],"_links":{"self":[{"href":"https:\/\/corrientesdetarde.com\/index.php\/wp-json\/wp\/v2\/posts\/133494","targetHints":{"allow":["GET"]}}],"collection":[{"href":"https:\/\/corrientesdetarde.com\/index.php\/wp-json\/wp\/v2\/posts"}],"about":[{"href":"https:\/\/corrientesdetarde.com\/index.php\/wp-json\/wp\/v2\/types\/post"}],"author":[{"embeddable":true,"href":"https:\/\/corrientesdetarde.com\/index.php\/wp-json\/wp\/v2\/users\/12"}],"replies":[{"embeddable":true,"href":"https:\/\/corrientesdetarde.com\/index.php\/wp-json\/wp\/v2\/comments?post=133494"}],"version-history":[{"count":1,"href":"https:\/\/corrientesdetarde.com\/index.php\/wp-json\/wp\/v2\/posts\/133494\/revisions"}],"predecessor-version":[{"id":133495,"href":"https:\/\/corrientesdetarde.com\/index.php\/wp-json\/wp\/v2\/posts\/133494\/revisions\/133495"}],"wp:featuredmedia":[{"embeddable":true,"href":"https:\/\/corrientesdetarde.com\/index.php\/wp-json\/wp\/v2\/media\/56804"}],"wp:attachment":[{"href":"https:\/\/corrientesdetarde.com\/index.php\/wp-json\/wp\/v2\/media?parent=133494"}],"wp:term":[{"taxonomy":"category","embeddable":true,"href":"https:\/\/corrientesdetarde.com\/index.php\/wp-json\/wp\/v2\/categories?post=133494"},{"taxonomy":"post_tag","embeddable":true,"href":"https:\/\/corrientesdetarde.com\/index.php\/wp-json\/wp\/v2\/tags?post=133494"}],"curies":[{"name":"wp","href":"https:\/\/api.w.org\/{rel}","templated":true}]}}