{"id":133500,"date":"2024-03-18T12:19:12","date_gmt":"2024-03-18T15:19:12","guid":{"rendered":"https:\/\/corrientesdetarde.com\/?p=133500"},"modified":"2024-03-18T12:23:17","modified_gmt":"2024-03-18T15:23:17","slug":"el-vicegobernador-de-la-provincia-el-dr-pedro-braillard-poccard-invita-a-la-primera-edicion-del-ciclo-escritores-correntinos-2024","status":"publish","type":"post","link":"https:\/\/corrientesdetarde.com\/index.php\/cultura\/el-vicegobernador-de-la-provincia-el-dr-pedro-braillard-poccard-invita-a-la-primera-edicion-del-ciclo-escritores-correntinos-2024\/","title":{"rendered":"El Vicegobernador de la provincia el Dr. Pedro Braillard Poccard invita a la primera edici\u00f3n del ciclo \u201cEscritores correntinos\u201d 2024"},"content":{"rendered":"\n<p>El Vicegobernador de la provincia el Dr. Pedro Braillard Poccard invita a la primera edici\u00f3n del ciclo \u201cEscritores correntinos\u201d 2024 en la biblioteca de la legislatura provincial (Salta 544) el martes 19 a las 18:30 h.   <\/p>\n\n\n\n<p>Este espacio tiene como objetivo que los escritores correntinos puedan compartirnos su literatura y crear en la biblioteca un rinc\u00f3n de escritores correntinos. En esta oportunidad ser\u00e1 la presentaci\u00f3n de &#8220;POES\u00cdA POL\u00cdTICA CORRENTINA&#8221;. Libro escrito por el Licenciado Horacio Vicente Pozo , actual Diputado Provincial segundo mandato. &#8220;Es un libro de poes\u00edas de Corrientes. Son composiciones de mi inspiraci\u00f3n, in\u00e9ditas, que tratan de aportar a la reflexi\u00f3n pol\u00edtica sobre lo que nos pasa como naci\u00f3n.&#8221; Horacio V. Pozo.Horacio Pozo, se cri\u00f3 en Bella Vista, viene de una familia pol\u00edtica liberal, y numerosa, son 8 hermanos, casado hace 32 a\u00f1os con Ana Mar\u00eda Pando, 3 y 2 hijos y 11 nietos. Desde los 11 a\u00f1os particip\u00f3  en la campa\u00f1a pol\u00edtica de 1963.  Desde el 14 de marzo de 1973 es fiscal general en una escuela en casi todas las elecciones de. la ciudad de Bella Vista y luego en Corrientes capital, ciudad a la que vino para estudiar Licenciatura en econom\u00eda a los 17 a\u00f1os, y aqu\u00ed se afinc\u00f3. Es licenciado en econom\u00eda, ocup\u00f3 varios cargos p\u00fablicos, ejerci\u00f3 el comercio y fue profesor universitario en la Cuenca y en la UNNE. Andador de los caminos de la provincia, durante 60 a\u00f1os, conoce casi todos los pueblos, mucha gente, numerosos personajes de diversas actividades, ya sea de la pol\u00edtica o del basquet o futbol o bicicleta, ya que es amante del deporte y la vida sana. Conoce al menos un lugar de todas las provincias y varios pa\u00edses, bastante de Europa y algo Estados Unidos (fue becado a los 18 a\u00f1os).<\/p>\n\n\n\n<p>Interesado por la lectura, de diversos temas. Poes\u00eda de Lugones, Martin Fierro, Franklin R\u00faveda, y varios de los poetas correntinos, los autores de nuestros chamam\u00e9. Salvador Miqueri, Mario Mill\u00e1n Medina, Carlos Castel\u00e1n, Heraclio P\u00e9rez, Juan Carlos Jensen, Alberico Mansilla. Constante Aguer. Juli\u00e1n Zini. Mario Bofill, Armando Nelli, Miguel L\u00f3pez Breard, H\u00e9ctor Ch\u00e1vez. Pocho Roch y Tito G\u00f3mez. Por nombrar algunos de los grandes.Y nos dice que en los ratos libres uniendo nostalgia, pol\u00edtica, afectos, paisajes, personajes, sue\u00f1os, libertad y esperanza, le salieron los poemas de este libro.-<\/p>\n\n\n\n<figure class=\"wp-block-image size-large\"><img loading=\"lazy\" decoding=\"async\" width=\"1024\" height=\"1024\" src=\"https:\/\/corrientesdetarde.com\/wp-content\/uploads\/2024\/03\/e8eb25efdc444e6ab2ba2c42dd17c07e-1024x1024.jpg\" alt=\"\" class=\"wp-image-133501\" srcset=\"https:\/\/corrientesdetarde.com\/wp-content\/uploads\/2024\/03\/e8eb25efdc444e6ab2ba2c42dd17c07e-1024x1024.jpg 1024w, https:\/\/corrientesdetarde.com\/wp-content\/uploads\/2024\/03\/e8eb25efdc444e6ab2ba2c42dd17c07e-300x300.jpg 300w, https:\/\/corrientesdetarde.com\/wp-content\/uploads\/2024\/03\/e8eb25efdc444e6ab2ba2c42dd17c07e-150x150.jpg 150w, https:\/\/corrientesdetarde.com\/wp-content\/uploads\/2024\/03\/e8eb25efdc444e6ab2ba2c42dd17c07e-768x768.jpg 768w, https:\/\/corrientesdetarde.com\/wp-content\/uploads\/2024\/03\/e8eb25efdc444e6ab2ba2c42dd17c07e-1536x1536.jpg 1536w, https:\/\/corrientesdetarde.com\/wp-content\/uploads\/2024\/03\/e8eb25efdc444e6ab2ba2c42dd17c07e.jpg 1600w\" sizes=\"auto, (max-width: 1024px) 100vw, 1024px\" \/><\/figure>\n","protected":false},"excerpt":{"rendered":"<p>El Vicegobernador de la provincia el Dr. Pedro Braillard Poccard invita a la primera edici\u00f3n del ciclo \u201cEscritores correntinos\u201d 2024 en la biblioteca de la legislatura provincial (Salta 544) el&hellip; <\/p>\n","protected":false},"author":1,"featured_media":133501,"comment_status":"closed","ping_status":"open","sticky":false,"template":"","format":"standard","meta":{"footnotes":""},"categories":[15,1208],"tags":[],"class_list":["post-133500","post","type-post","status-publish","format-standard","has-post-thumbnail","hentry","category-cultura","category-eventossociedad"],"_links":{"self":[{"href":"https:\/\/corrientesdetarde.com\/index.php\/wp-json\/wp\/v2\/posts\/133500","targetHints":{"allow":["GET"]}}],"collection":[{"href":"https:\/\/corrientesdetarde.com\/index.php\/wp-json\/wp\/v2\/posts"}],"about":[{"href":"https:\/\/corrientesdetarde.com\/index.php\/wp-json\/wp\/v2\/types\/post"}],"author":[{"embeddable":true,"href":"https:\/\/corrientesdetarde.com\/index.php\/wp-json\/wp\/v2\/users\/1"}],"replies":[{"embeddable":true,"href":"https:\/\/corrientesdetarde.com\/index.php\/wp-json\/wp\/v2\/comments?post=133500"}],"version-history":[{"count":2,"href":"https:\/\/corrientesdetarde.com\/index.php\/wp-json\/wp\/v2\/posts\/133500\/revisions"}],"predecessor-version":[{"id":133503,"href":"https:\/\/corrientesdetarde.com\/index.php\/wp-json\/wp\/v2\/posts\/133500\/revisions\/133503"}],"wp:featuredmedia":[{"embeddable":true,"href":"https:\/\/corrientesdetarde.com\/index.php\/wp-json\/wp\/v2\/media\/133501"}],"wp:attachment":[{"href":"https:\/\/corrientesdetarde.com\/index.php\/wp-json\/wp\/v2\/media?parent=133500"}],"wp:term":[{"taxonomy":"category","embeddable":true,"href":"https:\/\/corrientesdetarde.com\/index.php\/wp-json\/wp\/v2\/categories?post=133500"},{"taxonomy":"post_tag","embeddable":true,"href":"https:\/\/corrientesdetarde.com\/index.php\/wp-json\/wp\/v2\/tags?post=133500"}],"curies":[{"name":"wp","href":"https:\/\/api.w.org\/{rel}","templated":true}]}}