{"id":133517,"date":"2024-03-18T13:30:02","date_gmt":"2024-03-18T16:30:02","guid":{"rendered":"https:\/\/corrientesdetarde.com\/?p=133517"},"modified":"2024-03-18T13:30:15","modified_gmt":"2024-03-18T16:30:15","slug":"salud-publica-continua-con-las-acciones-para-combatir-al-dengue","status":"publish","type":"post","link":"https:\/\/corrientesdetarde.com\/index.php\/bienestar-y-salud\/salud-publica-continua-con-las-acciones-para-combatir-al-dengue\/","title":{"rendered":"Salud P\u00fablica contin\u00faa con las acciones para combatir al Dengue"},"content":{"rendered":"\n<p>La Direcci\u00f3n General de Epidemiolog\u00eda recorre los distintos barrios de la capital haciendo control focal y fumigaci\u00f3n, entre otras cosas. Las intervenciones tambi\u00e9n prosiguen en el interior.<\/p>\n\n\n\n<p>El Ministerio de Salud de la Provincia de Corrientes, a cargo de Ricardo Cardozo, contin\u00faa las acciones para combatir al Dengue, tanto en la capital como en el interior. As\u00ed, la Direcci\u00f3n General de Epidemiolog\u00eda, a trav\u00e9s de la Direcci\u00f3n de Vigilancia Epidemiol\u00f3gica y la Direcci\u00f3n de Enfermedades Zoon\u00f3ticas y Vectoriales, realiza tareas de control focal y prevenci\u00f3n.<\/p>\n\n\n\n<p>En este sentido, el viernes se trabaj\u00f3 en el barrio Primera Junta, donde se recorri\u00f3 las casas con 6 equipos de al menos tres integrantes cada uno. En este sentido, se hizo control focal que consiste en la utilizaci\u00f3n de larvicidas para evitar que el mosquito pase de estado de larva a adulto. No existen productos qu\u00edmicos que act\u00faen directamente sobre el huevo, pero s\u00ed del estadio de larva a adulto y el estadio de adulto.<\/p>\n\n\n\n<p>\u201cEl m\u00e9todo m\u00e1s eficaz para la prevenci\u00f3n y el control es la eliminaci\u00f3n de criaderos en las casas y el control focal, as\u00ed podemos evitar que avance el ciclo de larva a adulto. Estos qu\u00edmicos se utilizan para control de brote, no son de uso habitual en las viviendas, salvo cuando hay casos de dengue\u201d, explic\u00f3 la directora general de Epidemiolog\u00eda de la Provincia, Angelina Bobadilla.<\/p>\n\n\n\n<p>La fumigaci\u00f3n es espor\u00e1dica, tiene un efecto transitorio, solamente cuando el mosquito est\u00e1 en vuelo tiene efecto cuando entra en contacto con la gota del producto qu\u00edmico que se utiliza para el rociado intradomiciliario y peridomiciliario, tanto con mochilas como rociado espacial que se hace a la tarde en los barrios.<\/p>\n\n\n\n<p>Por otra parte, a \u00faltima hora de la ma\u00f1ana del viernes, se realiz\u00f3 la reuni\u00f3n de control de brote, una de las acciones de la Direcci\u00f3n General de Epidemiolog\u00eda del Ministerio de Salud P\u00fablica de Corrientes.<\/p>\n\n\n\n<p>La reuni\u00f3n se llev\u00f3 adelante en la sede de vigilancia Epidemiol\u00f3gica y fue entre la Direcci\u00f3n de Vigilancia Epidemiol\u00f3gica y la Direcci\u00f3n de Enfermedades Zoon\u00f3ticas y Vectoriales.<\/p>\n\n\n\n<p>Los equipos t\u00e9cnicos de investigaci\u00f3n y control en territorio del brote, evaluaron el proceso del brote. Esta reuni\u00f3n se realiza todas las semanas y, si el brote lo necesita, es a\u00fan m\u00e1s frecuente. En este \u00e1mbito, se hace planificaci\u00f3n y evaluaci\u00f3n de acciones de control y planificaci\u00f3n de estrategias para la siguiente semana.<\/p>\n\n\n\n<p><strong>Vacunaci\u00f3n antirr\u00e1bica<\/strong><\/p>\n\n\n\n<p>Por otra parte, en el barrio Aldana, Ba\u00f1ado Norte y Cichero la Direcci\u00f3n general de Epidemiolog\u00eda realiz\u00f3 vacunaci\u00f3n antirr\u00e1bica. Ante un caso de rabia en un murci\u00e9lago en la zona de la Facultad de Veterinaria, se trabaj\u00f3 en prevenci\u00f3n alrededor de 200 metros de la instituci\u00f3n universitaria.<\/p>\n\n\n\n<figure class=\"wp-block-image size-large\"><img loading=\"lazy\" decoding=\"async\" width=\"1024\" height=\"768\" src=\"https:\/\/corrientesdetarde.com\/wp-content\/uploads\/2024\/03\/image-446-1024x768.png\" alt=\"\" class=\"wp-image-133519\" srcset=\"https:\/\/corrientesdetarde.com\/wp-content\/uploads\/2024\/03\/image-446-1024x768.png 1024w, https:\/\/corrientesdetarde.com\/wp-content\/uploads\/2024\/03\/image-446-300x225.png 300w, https:\/\/corrientesdetarde.com\/wp-content\/uploads\/2024\/03\/image-446-768x576.png 768w, https:\/\/corrientesdetarde.com\/wp-content\/uploads\/2024\/03\/image-446.png 1280w\" sizes=\"auto, (max-width: 1024px) 100vw, 1024px\" \/><\/figure>\n","protected":false},"excerpt":{"rendered":"<p>La Direcci\u00f3n General de Epidemiolog\u00eda recorre los distintos barrios de la capital haciendo control focal y fumigaci\u00f3n, entre otras cosas. Las intervenciones tambi\u00e9n prosiguen en el interior. El Ministerio de&hellip; <\/p>\n","protected":false},"author":8,"featured_media":133518,"comment_status":"closed","ping_status":"open","sticky":false,"template":"","format":"standard","meta":{"footnotes":""},"categories":[16],"tags":[],"class_list":["post-133517","post","type-post","status-publish","format-standard","has-post-thumbnail","hentry","category-bienestar-y-salud"],"_links":{"self":[{"href":"https:\/\/corrientesdetarde.com\/index.php\/wp-json\/wp\/v2\/posts\/133517","targetHints":{"allow":["GET"]}}],"collection":[{"href":"https:\/\/corrientesdetarde.com\/index.php\/wp-json\/wp\/v2\/posts"}],"about":[{"href":"https:\/\/corrientesdetarde.com\/index.php\/wp-json\/wp\/v2\/types\/post"}],"author":[{"embeddable":true,"href":"https:\/\/corrientesdetarde.com\/index.php\/wp-json\/wp\/v2\/users\/8"}],"replies":[{"embeddable":true,"href":"https:\/\/corrientesdetarde.com\/index.php\/wp-json\/wp\/v2\/comments?post=133517"}],"version-history":[{"count":1,"href":"https:\/\/corrientesdetarde.com\/index.php\/wp-json\/wp\/v2\/posts\/133517\/revisions"}],"predecessor-version":[{"id":133521,"href":"https:\/\/corrientesdetarde.com\/index.php\/wp-json\/wp\/v2\/posts\/133517\/revisions\/133521"}],"wp:featuredmedia":[{"embeddable":true,"href":"https:\/\/corrientesdetarde.com\/index.php\/wp-json\/wp\/v2\/media\/133518"}],"wp:attachment":[{"href":"https:\/\/corrientesdetarde.com\/index.php\/wp-json\/wp\/v2\/media?parent=133517"}],"wp:term":[{"taxonomy":"category","embeddable":true,"href":"https:\/\/corrientesdetarde.com\/index.php\/wp-json\/wp\/v2\/categories?post=133517"},{"taxonomy":"post_tag","embeddable":true,"href":"https:\/\/corrientesdetarde.com\/index.php\/wp-json\/wp\/v2\/tags?post=133517"}],"curies":[{"name":"wp","href":"https:\/\/api.w.org\/{rel}","templated":true}]}}