{"id":133540,"date":"2024-03-18T15:17:52","date_gmt":"2024-03-18T18:17:52","guid":{"rendered":"https:\/\/corrientesdetarde.com\/?p=133540"},"modified":"2024-03-18T15:18:07","modified_gmt":"2024-03-18T18:18:07","slug":"asumio-el-nuevo-director-de-educacion-tecnico-profesional","status":"publish","type":"post","link":"https:\/\/corrientesdetarde.com\/index.php\/educacion\/asumio-el-nuevo-director-de-educacion-tecnico-profesional\/","title":{"rendered":"Asumi\u00f3 el nuevo director de Educaci\u00f3n T\u00e9cnico-Profesional"},"content":{"rendered":"\n<p>La ministra de Educaci\u00f3n Pr\u00e1xedes L\u00f3pez encabez\u00f3 esta ma\u00f1ana el acto de toma de posesi\u00f3n de cargo del nuevo director de Educaci\u00f3n T\u00e9cnico-Profesional Sergio Paniagua. La actividad cont\u00f3 adem\u00e1s con la presencia del ministro de Coordinaci\u00f3n y Planificaci\u00f3n de la Provincia Miguel Olivieri, funcionarios y concejales de Monte Caseros y parte del gabinete educativo provincial.<\/p>\n\n\n\n<p>A trav\u00e9s del Decreto N\u00b0 334 el gobernador de la provincia Gustavo Vald\u00e9s, design\u00f3 en el cargo de Director de Educaci\u00f3n T\u00e9cnico Profesional, al profesor Sergio Paniagua, quien tendr\u00e1 la misi\u00f3n conducir y coordinar el aspecto t\u00e9cnico y pedag\u00f3gico de los establecimientos educativos de Educaci\u00f3n T\u00e9cnico Profesional, orientando, monitoreando y supervisando su gesti\u00f3n. Adem\u00e1s, ser\u00e1 el referente t\u00e9cnico pol\u00edtico ante el Instituto Nacional de Educaci\u00f3n T\u00e9cnico Profesional<\/p>\n\n\n\n<p>\u201cSergio Paniagua viene de ser viceintendente de Monte Caseros y adem\u00e1s viene de trabajar muchos a\u00f1os en la escuela t\u00e9cnica, as\u00ed que este va a ser un gran desaf\u00edo, para el cual est\u00e1 bien preparado\u201d, dijo la ministra Pr\u00e1xedes L\u00f3pez quien destac\u00f3 la importancia de asumir desaf\u00edos. \u201cSin dudas tu aporte Sergio va a ser muy importante para seguir avanzando en la articulaci\u00f3n entre las escuelas y el mundo del trabajo, y vas a contar con un gran equipo que te va a estar acompa\u00f1ando\u201d, resalt\u00f3.<\/p>\n\n\n\n<p>A su turno el flamante funcionario asegur\u00f3 que este es un d\u00eda m\u00e1s que importante, \u201ces un d\u00eda de agradecimientos, en primer lugar, quiero agradecer la confianza del se\u00f1or gobernador Gustavo Vald\u00e9s por permitirme ser parte de su gesti\u00f3n provincial, y sobre todo para m\u00ed es un orgullo, un honor ser parte del equipo t\u00e9cnico del Ministerio de Educaci\u00f3n\u201d, dijo en tanto agreg\u00f3: \u201cDurante muchos a\u00f1os trabaj\u00e9 fuertemente en la escuela t\u00e9cnica, despu\u00e9s estuve acompa\u00f1ando durante su mandato en Monte Caseros al intendente Olivieri a quien estoy muy agradecido\u201d.<\/p>\n","protected":false},"excerpt":{"rendered":"<p>La ministra de Educaci\u00f3n Pr\u00e1xedes L\u00f3pez encabez\u00f3 esta ma\u00f1ana el acto de toma de posesi\u00f3n de cargo del nuevo director de Educaci\u00f3n T\u00e9cnico-Profesional Sergio Paniagua. La actividad cont\u00f3 adem\u00e1s con&hellip; <\/p>\n","protected":false},"author":8,"featured_media":133541,"comment_status":"closed","ping_status":"open","sticky":false,"template":"","format":"standard","meta":{"footnotes":""},"categories":[32],"tags":[],"class_list":["post-133540","post","type-post","status-publish","format-standard","has-post-thumbnail","hentry","category-educacion"],"_links":{"self":[{"href":"https:\/\/corrientesdetarde.com\/index.php\/wp-json\/wp\/v2\/posts\/133540","targetHints":{"allow":["GET"]}}],"collection":[{"href":"https:\/\/corrientesdetarde.com\/index.php\/wp-json\/wp\/v2\/posts"}],"about":[{"href":"https:\/\/corrientesdetarde.com\/index.php\/wp-json\/wp\/v2\/types\/post"}],"author":[{"embeddable":true,"href":"https:\/\/corrientesdetarde.com\/index.php\/wp-json\/wp\/v2\/users\/8"}],"replies":[{"embeddable":true,"href":"https:\/\/corrientesdetarde.com\/index.php\/wp-json\/wp\/v2\/comments?post=133540"}],"version-history":[{"count":1,"href":"https:\/\/corrientesdetarde.com\/index.php\/wp-json\/wp\/v2\/posts\/133540\/revisions"}],"predecessor-version":[{"id":133543,"href":"https:\/\/corrientesdetarde.com\/index.php\/wp-json\/wp\/v2\/posts\/133540\/revisions\/133543"}],"wp:featuredmedia":[{"embeddable":true,"href":"https:\/\/corrientesdetarde.com\/index.php\/wp-json\/wp\/v2\/media\/133541"}],"wp:attachment":[{"href":"https:\/\/corrientesdetarde.com\/index.php\/wp-json\/wp\/v2\/media?parent=133540"}],"wp:term":[{"taxonomy":"category","embeddable":true,"href":"https:\/\/corrientesdetarde.com\/index.php\/wp-json\/wp\/v2\/categories?post=133540"},{"taxonomy":"post_tag","embeddable":true,"href":"https:\/\/corrientesdetarde.com\/index.php\/wp-json\/wp\/v2\/tags?post=133540"}],"curies":[{"name":"wp","href":"https:\/\/api.w.org\/{rel}","templated":true}]}}