{"id":133598,"date":"2024-03-18T16:50:50","date_gmt":"2024-03-18T19:50:50","guid":{"rendered":"https:\/\/corrientesdetarde.com\/?p=133598"},"modified":"2024-03-18T16:51:02","modified_gmt":"2024-03-18T19:51:02","slug":"velez-suspendio-los-contratos-de-los-cuatro-jugadores-que-quedaron-detenidos-en-la-causa-por-abuso-sexual","status":"publish","type":"post","link":"https:\/\/corrientesdetarde.com\/index.php\/deportes\/velez-suspendio-los-contratos-de-los-cuatro-jugadores-que-quedaron-detenidos-en-la-causa-por-abuso-sexual\/","title":{"rendered":"V\u00e9lez suspendi\u00f3 los contratos de los cuatro jugadores que quedaron detenidos en la causa por abuso sexual"},"content":{"rendered":"\n<p>La dirigencia del Fort\u00edn ya hab\u00eda separado del plantel profesional a los implicados. Hicieron oficial el nuevo anuncio tras conocerse que Sebasti\u00e1n Sosa, Jos\u00e9 Florent\u00edn, Braian Cufr\u00e9 y Abiel Osorio quedaron aprehendidos en Tucum\u00e1n.<\/p>\n\n\n\n<p>Este lunes,\u00a0<strong>los cuatro jugadores de V\u00e9lez denunciados por abuso sexual quedaron detenidos en Tucum\u00e1n<\/strong>. Fue despu\u00e9s de que la denunciante  \u00a0declarara durante varias horas en C\u00e1mara Gesell.\u00a0Tras lo  ocurrido, el club de Liniers emiti\u00f3 un comunicado en sus redes sociales para<strong>\u00a0informar la suspensi\u00f3n de los contratos de los futbolistas.<\/strong><\/p>\n\n\n\n<p>\u201cEn virtud de los hechos de p\u00fablico conocimiento que involucran\u00a0<strong>a los futbolistas del plantel profesional de la Instituci\u00f3n Sebasti\u00e1n Sosa, Jos\u00e9 Florentin, Braian Cufr\u00e9 y Abiel Osorio, el Club comunica que en el d\u00eda de la fecha se resolvi\u00f3 la suspensi\u00f3n del contrato de trabajo de los cuatro jugadores<\/strong>\u201d, comunic\u00f3 el club.<\/p>\n\n\n\n<p>Y agregaron: \u201cAl mismo tiempo, se dispuso el inicio de un sumario interno para que, a la m\u00e1xima brevedad, se determinen las medidas definitivas a tomar respecto de los cuatro jugadores. Las \u00e1reas de F\u00fatbol, G\u00e9neros y Legales del Club, entre otras, se encuentran abocadas al tema en forma permanente, con el objeto de atender la situaci\u00f3n con la seriedad que merece, y asimismo tomando las medidas en los momentos oportunos de forma de salvaguardar y proteger los intereses del Club\u201d.<\/p>\n\n\n\n<p>Y cerr\u00f3: \u201cEl Club reitera su m\u00e1s profunda preocupaci\u00f3n por los hechos denunciados, que claramente son contrarios a los principios y valores de nuestra Instituci\u00f3n. Continuamos a disposici\u00f3n de la justicia a fin de que se aclaren los hechos y seguiremos informando las medidas que se vayan adoptando\u201d.<\/p>\n","protected":false},"excerpt":{"rendered":"<p>La dirigencia del Fort\u00edn ya hab\u00eda separado del plantel profesional a los implicados. Hicieron oficial el nuevo anuncio tras conocerse que Sebasti\u00e1n Sosa, Jos\u00e9 Florent\u00edn, Braian Cufr\u00e9 y Abiel Osorio&hellip; <\/p>\n","protected":false},"author":8,"featured_media":133599,"comment_status":"closed","ping_status":"open","sticky":false,"template":"","format":"standard","meta":{"footnotes":""},"categories":[4],"tags":[],"class_list":["post-133598","post","type-post","status-publish","format-standard","has-post-thumbnail","hentry","category-deportes"],"_links":{"self":[{"href":"https:\/\/corrientesdetarde.com\/index.php\/wp-json\/wp\/v2\/posts\/133598","targetHints":{"allow":["GET"]}}],"collection":[{"href":"https:\/\/corrientesdetarde.com\/index.php\/wp-json\/wp\/v2\/posts"}],"about":[{"href":"https:\/\/corrientesdetarde.com\/index.php\/wp-json\/wp\/v2\/types\/post"}],"author":[{"embeddable":true,"href":"https:\/\/corrientesdetarde.com\/index.php\/wp-json\/wp\/v2\/users\/8"}],"replies":[{"embeddable":true,"href":"https:\/\/corrientesdetarde.com\/index.php\/wp-json\/wp\/v2\/comments?post=133598"}],"version-history":[{"count":1,"href":"https:\/\/corrientesdetarde.com\/index.php\/wp-json\/wp\/v2\/posts\/133598\/revisions"}],"predecessor-version":[{"id":133600,"href":"https:\/\/corrientesdetarde.com\/index.php\/wp-json\/wp\/v2\/posts\/133598\/revisions\/133600"}],"wp:featuredmedia":[{"embeddable":true,"href":"https:\/\/corrientesdetarde.com\/index.php\/wp-json\/wp\/v2\/media\/133599"}],"wp:attachment":[{"href":"https:\/\/corrientesdetarde.com\/index.php\/wp-json\/wp\/v2\/media?parent=133598"}],"wp:term":[{"taxonomy":"category","embeddable":true,"href":"https:\/\/corrientesdetarde.com\/index.php\/wp-json\/wp\/v2\/categories?post=133598"},{"taxonomy":"post_tag","embeddable":true,"href":"https:\/\/corrientesdetarde.com\/index.php\/wp-json\/wp\/v2\/tags?post=133598"}],"curies":[{"name":"wp","href":"https:\/\/api.w.org\/{rel}","templated":true}]}}