{"id":133604,"date":"2024-03-18T17:01:05","date_gmt":"2024-03-18T20:01:05","guid":{"rendered":"https:\/\/corrientesdetarde.com\/?p=133604"},"modified":"2024-03-18T17:01:30","modified_gmt":"2024-03-18T20:01:30","slug":"el-nuevo-record-en-medio-de-una-ola-de-calor-623c-en-rio-de-janeiro","status":"publish","type":"post","link":"https:\/\/corrientesdetarde.com\/index.php\/internacionales\/el-nuevo-record-en-medio-de-una-ola-de-calor-623c-en-rio-de-janeiro\/","title":{"rendered":"el nuevo r\u00e9cord en medio de una ola de calor: 62,3\u00b0C en R\u00edo de Janeiro"},"content":{"rendered":"\n<p>El pico registrado refleja el clima que padecen varias regiones de Brasil, que sobre el final del verano sufre tanto las altas temperaturas como fuertes tormentas en el sur.<\/p>\n\n\n\n<p>Una ola de calor que golpea&nbsp;<strong>Brasil&nbsp;dej\u00f3 este domingo nuevos r\u00e9cords, al registrarse&nbsp;62,3 \u00baC de sensaci\u00f3n t\u00e9rmica en Rio de Janeiro, la mayor en una d\u00e9cada,<\/strong>&nbsp;mientras&nbsp;Sao Paulo&nbsp;vive el marzo m\u00e1s caliente de su historia.<\/p>\n\n\n\n<p><strong>En el oeste de R\u00edo, la sensaci\u00f3n t\u00e9rmica toc\u00f3 los 62,3 grados cent\u00edgrados&nbsp;<\/strong>a las 9:55 locales, inform\u00f3 en la red social X el&nbsp;Sistema Alerta Rio, que dijo que era la mayor marca desde que comenz\u00f3 a hacer estas mediciones en 2014.<\/p>\n\n\n\n<p><strong>El indicador super\u00f3 los 55 \u00baC en varias zonas de la ciudad, como&nbsp;en Jard\u00edn Bot\u00e1nico, un arbolado barrio residencial del sur, donde fue de 57,7 \u00baC.<\/strong><\/p>\n\n\n\n<p><strong>Fue el&nbsp;segundo d\u00eda consecutivo de r\u00e9cords, despu\u00e9s de que el s\u00e1bado se alcanzaran los 60,1\u00baC de sensaci\u00f3n t\u00e9rmica tambi\u00e9n en el oeste<\/strong>. La marca m\u00e1s alta previa hab\u00eda sido en noviembre pasado (59,7 \u00baC).<\/p>\n\n\n\n<p><strong>Alerta Rio advirti\u00f3 el domingo sobre\u00a0temperaturas m\u00e1ximas reales de 42 \u00baC\u00a0en la ciudad.<\/strong><\/p>\n\n\n\n<figure class=\"wp-block-image size-full\"><img loading=\"lazy\" decoding=\"async\" width=\"700\" height=\"345\" src=\"https:\/\/corrientesdetarde.com\/wp-content\/uploads\/2024\/03\/image-468.png\" alt=\"\" class=\"wp-image-133605\" srcset=\"https:\/\/corrientesdetarde.com\/wp-content\/uploads\/2024\/03\/image-468.png 700w, https:\/\/corrientesdetarde.com\/wp-content\/uploads\/2024\/03\/image-468-300x148.png 300w\" sizes=\"auto, (max-width: 700px) 100vw, 700px\" \/><\/figure>\n\n\n\n<p>\u201cEstamos tratando de protegernos, de ir a un lugar m\u00e1s abierto, que tenga mar, pero hay que hacer algo para prevenir\u201d, dijo a la AFP Raquel Correia en un parque c\u00e9ntrico.<\/p>\n\n\n\n<p>\u201cTengo mucho miedo de que empeore, porque&nbsp;la poblaci\u00f3n est\u00e1 aumentando mucho y la deforestaci\u00f3n es muy alta por el aumento de viviendas\u201d, lament\u00f3 esta asistente administrativa de 49 a\u00f1os.<\/p>\n\n\n\n<p>Las emblem\u00e1ticas playas de&nbsp;Ipanema y Copacabana luc\u00edan repletas, mientras las autoridades publicaban consejos para sobrellevar el calor.<\/p>\n\n\n\n<p>Los cariocas tambi\u00e9n acudieron a refugiarse al parque de&nbsp;Tijuca, una importante reserva natural en plena ciudad.<\/p>\n\n\n\n<p>Sao Paulo, por su parte, vivi\u00f3 el s\u00e1bado su d\u00eda m\u00e1s caluroso en lo que va del a\u00f1o, cuando el term\u00f3metro marc\u00f3&nbsp;34,7 \u00b0C.<\/p>\n\n\n\n<figure class=\"wp-block-image\"><a href=\"https:\/\/www.radiosudamericana.com\/notix\/multimedia\/imagenes\/fotos\/2024-03-18\/519262.png\"><img decoding=\"async\" src=\"https:\/\/www.radiosudamericana.com\/notix\/multimedia\/imagenes\/fotos\/2024-03-18\/519262.png_nota.png\" alt=\"\"\/><\/a><\/figure>\n\n\n\n<p><strong>Esa temperatura fue tambi\u00e9n la mayor para un mes de marzo&nbsp;desde que el Instituto Nacional de Meteorolog\u00eda (Inmet) comenz\u00f3 a realizar los registros en 1943.<\/strong><\/p>\n\n\n\n<p>El domingo el alivio fue casi imperceptible, con 34,3 \u00baC, igualando el r\u00e9cord previo para un mes de marzo registrado en 2012.<\/p>\n\n\n\n<p>\u201cAntes no ten\u00edamos un calor como este, ahora cambi\u00f3 mucho, de un tiempo para ac\u00e1\u201d, dijo a la AFP Vanuza Maria Estevan, residente de la ciudad de 40 a\u00f1os.<\/p>\n\n\n\n<p>Muchos optaron por lanzarse a los balnearios del litoral, lo que caus\u00f3 embotellamientos en los accesos a Sao Paulo, con filas de carros de hasta 20 kil\u00f3metros, reportaron medios locales.<\/p>\n\n\n\n<h2 class=\"wp-block-heading\"><strong>Lluvias extremas en el sur<\/strong><\/h2>\n\n\n\n<p>En tanto, las lluvias extremas hac\u00edan estragos en el sur del pa\u00eds y continuar\u00e1n la semana pr\u00f3xima, seg\u00fan las autoridades.<\/p>\n\n\n\n<p>\u201cLa semana ser\u00e1 de muy alto riesgo en el Centro-Sur de Brasil por intensas lluvias y tormentas. El sistema m\u00e1s preocupante es un frente fr\u00edo muy intenso que llegar\u00e1 con lluvias torrenciales y posibles vendavales\u201d, advirti\u00f3 el domingo la agencia de informaci\u00f3n meteorol\u00f3gica MetSul.<\/p>\n\n\n\n<p>En algunas localidades del estado sure\u00f1o de Rio Grande do Sul, se registraron&nbsp;\u201cvol\u00famenes excepcionalmente altos\u201d de precipitaciones, de hasta 300 mil\u00edmetros.<\/p>\n\n\n\n<figure class=\"wp-block-image\"><a href=\"https:\/\/www.radiosudamericana.com\/notix\/multimedia\/imagenes\/fotos\/2024-03-18\/259748.png\"><img decoding=\"async\" src=\"https:\/\/www.radiosudamericana.com\/notix\/multimedia\/imagenes\/fotos\/2024-03-18\/259748.png_nota.png\" alt=\"\"\/><\/a><\/figure>\n\n\n\n<p>La alcald\u00eda del municipio de Uruguaiana, el m\u00e1s castigado del estado, divulg\u00f3 im\u00e1genes de calles inundadas y autobuses sumergidos hasta la mitad en el agua.<\/p>\n\n\n\n<p>Se estima que podr\u00edan caer hasta 500 mm de lluvias, seg\u00fan Metsul.<\/p>\n\n\n\n<p>En febrero, Rio Grande do Sul se hab\u00eda visto sofocado por temperaturas extremas debido a una \u201cc\u00fapula de calor extremo\u201d proveniente de Argentina.<\/p>\n\n\n\n<p>Expertos atribuyen los fen\u00f3menos extremos y la inestabilidad meteorol\u00f3gica al cambio clim\u00e1tico y una agudizaci\u00f3n del fen\u00f3meno de El Ni\u00f1o.<\/p>\n\n\n\n<p>Los cient\u00edficos estiman que las temperaturas globales actuales son alrededor de 1,2\u00ba C m\u00e1s altas en general que a mediados del siglo XIX, lo que causa un aumento de inundaciones, sequ\u00edas y olas de calor.<\/p>\n\n\n\n<h2 class=\"wp-block-heading\"><strong>Demanda r\u00e9cord de energ\u00eda<\/strong><\/h2>\n\n\n\n<p>En este contexto clim\u00e1tico, Brasil registr\u00f3 un nuevo r\u00e9cord de demanda instant\u00e1nea de energ\u00eda, con&nbsp;102.478 megavatios (MW),&nbsp;en medio de la intensa ola de calor que afecta a buena parte del pa\u00eds, inform\u00f3 este domingo el Operador Nacional del Sistema El\u00e9ctrico.<\/p>\n\n\n\n<p>El pa\u00eds suramericano, que tiene unos 203 millones de habitantes y una dimensi\u00f3n continental, alcanz\u00f3 el pico de demanda el viernes pasado, a las 14:37 hora local (17:37 GMT), se\u00f1al\u00f3 el \u00f3rgano brasile\u00f1o.<\/p>\n\n\n\n<p>El 92,5 % de los 102.478 megavatios provino de fuentes renovables.<\/p>\n\n\n\n<p>El operador explic\u00f3 que&nbsp;ese nivel r\u00e9cord de demanda se debi\u00f3 principalmente a las \u201celevadas temperaturas en casi todo el pa\u00eds\u201d, que coinciden con la \u00faltima semana del verano austral.<\/p>\n\n\n\n<p>El sistema el\u00e9ctrico brasile\u00f1o viene reportando sucesivos r\u00e9cord de demanda instant\u00e1nea de energ\u00eda desde noviembre de 2023, \u201cen funci\u00f3n de las olas de calor\u201d, que han ganado en intensidad durante los \u00faltimos meses como consecuencia del&nbsp;fen\u00f3meno de El Ni\u00f1o.<\/p>\n\n\n\n<p>De hecho, las anteriores m\u00e1ximas eran del 7 de febrero de 2024, cuando la demanda instant\u00e1nea lleg\u00f3 a los 101.860 MW, y del 14 de noviembre de 2023 (101.475 MW).<\/p>\n\n\n\n<p>Con informaci\u00f3n de Reuters, EFE y AFP<\/p>\n","protected":false},"excerpt":{"rendered":"<p>El pico registrado refleja el clima que padecen varias regiones de Brasil, que sobre el final del verano sufre tanto las altas temperaturas como fuertes tormentas en el sur. Una&hellip; <\/p>\n","protected":false},"author":8,"featured_media":133606,"comment_status":"closed","ping_status":"open","sticky":false,"template":"","format":"standard","meta":{"footnotes":""},"categories":[11],"tags":[],"class_list":["post-133604","post","type-post","status-publish","format-standard","has-post-thumbnail","hentry","category-internacionales"],"_links":{"self":[{"href":"https:\/\/corrientesdetarde.com\/index.php\/wp-json\/wp\/v2\/posts\/133604","targetHints":{"allow":["GET"]}}],"collection":[{"href":"https:\/\/corrientesdetarde.com\/index.php\/wp-json\/wp\/v2\/posts"}],"about":[{"href":"https:\/\/corrientesdetarde.com\/index.php\/wp-json\/wp\/v2\/types\/post"}],"author":[{"embeddable":true,"href":"https:\/\/corrientesdetarde.com\/index.php\/wp-json\/wp\/v2\/users\/8"}],"replies":[{"embeddable":true,"href":"https:\/\/corrientesdetarde.com\/index.php\/wp-json\/wp\/v2\/comments?post=133604"}],"version-history":[{"count":1,"href":"https:\/\/corrientesdetarde.com\/index.php\/wp-json\/wp\/v2\/posts\/133604\/revisions"}],"predecessor-version":[{"id":133607,"href":"https:\/\/corrientesdetarde.com\/index.php\/wp-json\/wp\/v2\/posts\/133604\/revisions\/133607"}],"wp:featuredmedia":[{"embeddable":true,"href":"https:\/\/corrientesdetarde.com\/index.php\/wp-json\/wp\/v2\/media\/133606"}],"wp:attachment":[{"href":"https:\/\/corrientesdetarde.com\/index.php\/wp-json\/wp\/v2\/media?parent=133604"}],"wp:term":[{"taxonomy":"category","embeddable":true,"href":"https:\/\/corrientesdetarde.com\/index.php\/wp-json\/wp\/v2\/categories?post=133604"},{"taxonomy":"post_tag","embeddable":true,"href":"https:\/\/corrientesdetarde.com\/index.php\/wp-json\/wp\/v2\/tags?post=133604"}],"curies":[{"name":"wp","href":"https:\/\/api.w.org\/{rel}","templated":true}]}}