{"id":133612,"date":"2024-03-18T19:35:14","date_gmt":"2024-03-18T22:35:14","guid":{"rendered":"https:\/\/corrientesdetarde.com\/?p=133612"},"modified":"2024-03-18T19:35:55","modified_gmt":"2024-03-18T22:35:55","slug":"altamirano-se-hace-nuevos-estudios-tras-su-desmayo-en-el-partido-boca-estudiantes","status":"publish","type":"post","link":"https:\/\/corrientesdetarde.com\/index.php\/deportes\/altamirano-se-hace-nuevos-estudios-tras-su-desmayo-en-el-partido-boca-estudiantes\/","title":{"rendered":"Altamirano se hace nuevos estudios tras su desmayo en el partido Boca-Estudiantes"},"content":{"rendered":"\n<p><strong>Por Coco Ram\u00f3n<\/strong><\/p>\n\n\n\n<p>La salud de Javier Altamirano, el jugador chileno de Estudiantes que ayer tuvo episodios de convulsi\u00f3n y que preocup\u00f3 a todo el mundo del f\u00fatbol durante el partido de su equipo contra Boca, se realiza nuevos estudios para determinar cu\u00e1l es la patologia que lo afect\u00f3.<\/p>\n\n\n\n<figure class=\"wp-block-embed is-type-video is-provider-youtube wp-block-embed-youtube wp-embed-aspect-16-9 wp-has-aspect-ratio\"><div class=\"wp-block-embed__wrapper\">\n<iframe loading=\"lazy\" title=\"Altamirano se realiza nuevos estudios tras su desmayo en el partido Boca-Estudiantes\" width=\"1110\" height=\"624\" src=\"https:\/\/www.youtube.com\/embed\/W-D8EjCrJAw?feature=oembed\" frameborder=\"0\" allow=\"accelerometer; autoplay; clipboard-write; encrypted-media; gyroscope; picture-in-picture; web-share\" allowfullscreen><\/iframe>\n<\/div><\/figure>\n\n\n\n<p>\u00bfC\u00f3mo ha pasado las \u00faltimas 24 horas? En terapia intensiva en la Cl\u00ednica M\u00e9dico Platense y esta ma\u00f1ana lo llevaron para realizarse estudios en el Hospital Italiano de Buenos Aires. Volvi\u00f3 a la Cl\u00ednica M\u00e9dico Platense y por estas horas volver\u00e1 a hacerse otra serie de estudios porque todav\u00eda se est\u00e1 intentando determinar el origen de las convulsiones que sufri\u00f3. El resto de la inforrmaci\u00f3n, en el videoreporte.<\/p>\n","protected":false},"excerpt":{"rendered":"<p>Por Coco Ram\u00f3n La salud de Javier Altamirano, el jugador chileno de Estudiantes que ayer tuvo episodios de convulsi\u00f3n y que preocup\u00f3 a todo el mundo del f\u00fatbol durante el&hellip; <\/p>\n","protected":false},"author":11,"featured_media":133613,"comment_status":"closed","ping_status":"open","sticky":false,"template":"","format":"standard","meta":{"footnotes":""},"categories":[4],"tags":[],"class_list":["post-133612","post","type-post","status-publish","format-standard","has-post-thumbnail","hentry","category-deportes"],"_links":{"self":[{"href":"https:\/\/corrientesdetarde.com\/index.php\/wp-json\/wp\/v2\/posts\/133612","targetHints":{"allow":["GET"]}}],"collection":[{"href":"https:\/\/corrientesdetarde.com\/index.php\/wp-json\/wp\/v2\/posts"}],"about":[{"href":"https:\/\/corrientesdetarde.com\/index.php\/wp-json\/wp\/v2\/types\/post"}],"author":[{"embeddable":true,"href":"https:\/\/corrientesdetarde.com\/index.php\/wp-json\/wp\/v2\/users\/11"}],"replies":[{"embeddable":true,"href":"https:\/\/corrientesdetarde.com\/index.php\/wp-json\/wp\/v2\/comments?post=133612"}],"version-history":[{"count":3,"href":"https:\/\/corrientesdetarde.com\/index.php\/wp-json\/wp\/v2\/posts\/133612\/revisions"}],"predecessor-version":[{"id":133617,"href":"https:\/\/corrientesdetarde.com\/index.php\/wp-json\/wp\/v2\/posts\/133612\/revisions\/133617"}],"wp:featuredmedia":[{"embeddable":true,"href":"https:\/\/corrientesdetarde.com\/index.php\/wp-json\/wp\/v2\/media\/133613"}],"wp:attachment":[{"href":"https:\/\/corrientesdetarde.com\/index.php\/wp-json\/wp\/v2\/media?parent=133612"}],"wp:term":[{"taxonomy":"category","embeddable":true,"href":"https:\/\/corrientesdetarde.com\/index.php\/wp-json\/wp\/v2\/categories?post=133612"},{"taxonomy":"post_tag","embeddable":true,"href":"https:\/\/corrientesdetarde.com\/index.php\/wp-json\/wp\/v2\/tags?post=133612"}],"curies":[{"name":"wp","href":"https:\/\/api.w.org\/{rel}","templated":true}]}}