{"id":133622,"date":"2024-03-18T20:28:59","date_gmt":"2024-03-18T23:28:59","guid":{"rendered":"https:\/\/corrientesdetarde.com\/?p=133622"},"modified":"2024-03-18T20:29:10","modified_gmt":"2024-03-18T23:29:10","slug":"continua-la-erupcion-del-volcan-en-islandia","status":"publish","type":"post","link":"https:\/\/corrientesdetarde.com\/index.php\/internacionales\/continua-la-erupcion-del-volcan-en-islandia\/","title":{"rendered":"Continua la erupci\u00f3n del volc\u00e1n en Islandia"},"content":{"rendered":"\n<p>Se trata de la s\u00e9ptima erupci\u00f3n en la pen\u00ednsula de Reykjanes, cerca de la capital, Reikiavik.<\/p>\n\n\n\n<p><strong>Un volc\u00e1n de Islandia que entr\u00f3 en erupci\u00f3n el s\u00e1bado por cuarta vez desde diciembre segu\u00eda expulsando humo y lava de color naranja brillante al aire a primera hora de este lunes, aunque las infraestructuras y un pueblo pesquero cercano estaban a salvo por ahora,&nbsp;<\/strong>seg\u00fan las autoridades.<\/p>\n\n\n\n<p>Se trata de la s\u00e9ptima erupci\u00f3n en&nbsp;<strong>la pen\u00ednsula de Reykjanes \u2014cerca de la capital islandesa, Reikiavik\u2014 desde 2021, cuando los sistemas geol\u00f3gicos que hab\u00edan permanecido inactivos durante unos 800 a\u00f1os volvieron a activarse.<\/strong><\/p>\n\n\n\n<p><strong>Las barreras artificiales han logrado alejar la lava de infraestructuras como la central geot\u00e9rmica de Svartsengi y Grindavik,<\/strong>&nbsp;un pueblo pesquero de unos 4.000 habitantes.<\/p>\n\n\n\n<p><strong>Im\u00e1genes de la emisora p\u00fablica RUV mostraban lava fluyendo a unos cientos de metros de la poblaci\u00f3n, que fue evacuada durante una erupci\u00f3n en noviembre&nbsp;<\/strong>y de nuevo durante otra en febrero.<\/p>\n\n\n\n<p>El&nbsp;<strong>magma&nbsp;<\/strong>se hab\u00eda estado acumulando bajo tierra desde la \u00faltima erupci\u00f3n en febrero, lo que llev\u00f3 a las autoridades a advertir de una&nbsp;<strong>erupci\u00f3n inminente<\/strong>.<\/p>\n","protected":false},"excerpt":{"rendered":"<p>Se trata de la s\u00e9ptima erupci\u00f3n en la pen\u00ednsula de Reykjanes, cerca de la capital, Reikiavik. Un volc\u00e1n de Islandia que entr\u00f3 en erupci\u00f3n el s\u00e1bado por cuarta vez desde&hellip; <\/p>\n","protected":false},"author":4,"featured_media":133634,"comment_status":"closed","ping_status":"open","sticky":false,"template":"","format":"standard","meta":{"footnotes":""},"categories":[11],"tags":[],"class_list":["post-133622","post","type-post","status-publish","format-standard","has-post-thumbnail","hentry","category-internacionales"],"_links":{"self":[{"href":"https:\/\/corrientesdetarde.com\/index.php\/wp-json\/wp\/v2\/posts\/133622","targetHints":{"allow":["GET"]}}],"collection":[{"href":"https:\/\/corrientesdetarde.com\/index.php\/wp-json\/wp\/v2\/posts"}],"about":[{"href":"https:\/\/corrientesdetarde.com\/index.php\/wp-json\/wp\/v2\/types\/post"}],"author":[{"embeddable":true,"href":"https:\/\/corrientesdetarde.com\/index.php\/wp-json\/wp\/v2\/users\/4"}],"replies":[{"embeddable":true,"href":"https:\/\/corrientesdetarde.com\/index.php\/wp-json\/wp\/v2\/comments?post=133622"}],"version-history":[{"count":1,"href":"https:\/\/corrientesdetarde.com\/index.php\/wp-json\/wp\/v2\/posts\/133622\/revisions"}],"predecessor-version":[{"id":133635,"href":"https:\/\/corrientesdetarde.com\/index.php\/wp-json\/wp\/v2\/posts\/133622\/revisions\/133635"}],"wp:featuredmedia":[{"embeddable":true,"href":"https:\/\/corrientesdetarde.com\/index.php\/wp-json\/wp\/v2\/media\/133634"}],"wp:attachment":[{"href":"https:\/\/corrientesdetarde.com\/index.php\/wp-json\/wp\/v2\/media?parent=133622"}],"wp:term":[{"taxonomy":"category","embeddable":true,"href":"https:\/\/corrientesdetarde.com\/index.php\/wp-json\/wp\/v2\/categories?post=133622"},{"taxonomy":"post_tag","embeddable":true,"href":"https:\/\/corrientesdetarde.com\/index.php\/wp-json\/wp\/v2\/tags?post=133622"}],"curies":[{"name":"wp","href":"https:\/\/api.w.org\/{rel}","templated":true}]}}