{"id":133631,"date":"2024-03-18T20:59:28","date_gmt":"2024-03-18T23:59:28","guid":{"rendered":"https:\/\/corrientesdetarde.com\/?p=133631"},"modified":"2024-03-18T20:59:31","modified_gmt":"2024-03-18T23:59:31","slug":"senado-provincial-jovenes-destacados-exponen-su-historia-de-vida-en-el-recinto","status":"publish","type":"post","link":"https:\/\/corrientesdetarde.com\/index.php\/locales\/senado-provincial-jovenes-destacados-exponen-su-historia-de-vida-en-el-recinto\/","title":{"rendered":"SENADO PROVINCIAL: J\u00f3venes destacados exponen su historia de vida en el Recinto"},"content":{"rendered":"\n<p>En el marco del programa J\u00f3venes que Inspiran del \u00e1rea Senado Joven, el vicegobernador Pedro Braillard Poccard comparti\u00f3 el inicio de la jornada en la que expusieron ante los presentes Nahaira Galeano, la mejor ajedrecista femenina de Corrientes y Samuel Gogna, su entrenador y \u00e1rbitro de ajedrez, cuya gu\u00eda y liderazgo han sido fundamentales en el desarrollo y crecimiento de Nahaira como jugadora.<\/p>\n\n\n\n<figure class=\"wp-block-image size-large\"><img loading=\"lazy\" decoding=\"async\" width=\"1024\" height=\"681\" src=\"https:\/\/corrientesdetarde.com\/wp-content\/uploads\/2024\/03\/image-471-1024x681.png\" alt=\"\" class=\"wp-image-133645\" srcset=\"https:\/\/corrientesdetarde.com\/wp-content\/uploads\/2024\/03\/image-471-1024x681.png 1024w, https:\/\/corrientesdetarde.com\/wp-content\/uploads\/2024\/03\/image-471-300x199.png 300w, https:\/\/corrientesdetarde.com\/wp-content\/uploads\/2024\/03\/image-471-768x511.png 768w, https:\/\/corrientesdetarde.com\/wp-content\/uploads\/2024\/03\/image-471.png 1092w\" sizes=\"auto, (max-width: 1024px) 100vw, 1024px\" \/><\/figure>\n\n\n\n<p>Con la presencia de alumnos de establecimientos secundarios y j\u00f3venes en general se inici\u00f3 una exposici\u00f3n en la que qued\u00f3 reflejada la dedicaci\u00f3n de Nahiara y una pasi\u00f3n inquebrantable por el ajedrez.<\/p>\n\n\n\n<p>\u201cNahaira no solo se ha destacado por su habilidad en el tablero, sino tambi\u00e9n por su compromiso con la excelencia en todos los aspectos de su vida deportiva. Ha invertido incontables horas en entrenamiento, perfeccionando su t\u00e9cnica y estrategia, pero tambi\u00e9n cuidando su cuerpo y mente a trav\u00e9s de una alimentaci\u00f3n balanceada y una actividad f\u00edsica complementaria\u201d, explic\u00f3 su entrenador.<br>\u201cSus triunfos en el ajedrez no solo son producto de su talento natural, sino tambi\u00e9n del arduo trabajo y sacrificio que ha dedicado a su carrera\u201d, relat\u00f3.<\/p>\n\n\n\n<p>Desde su consagraci\u00f3n como campeona argentina en 2023 hasta sus impresionantes actuaciones en torneos sudamericanos, como su victoria en el Campeonato Sudamericano de Ritmo Rel\u00e1mpago en Asunci\u00f3n (Paraguay) en 2022, y su destacado desempe\u00f1o en Florian\u00f3polis (Brasil) en 2023, Nahaira ha demostrado una y otra vez su capacidad para superar los desaf\u00edos y alcanzar nuevas alturas en el mundo del ajedrez.<\/p>\n\n\n\n<figure class=\"wp-block-image size-large\"><img loading=\"lazy\" decoding=\"async\" width=\"1024\" height=\"681\" src=\"https:\/\/corrientesdetarde.com\/wp-content\/uploads\/2024\/03\/image-472-1024x681.png\" alt=\"\" class=\"wp-image-133646\" srcset=\"https:\/\/corrientesdetarde.com\/wp-content\/uploads\/2024\/03\/image-472-1024x681.png 1024w, https:\/\/corrientesdetarde.com\/wp-content\/uploads\/2024\/03\/image-472-300x200.png 300w, https:\/\/corrientesdetarde.com\/wp-content\/uploads\/2024\/03\/image-472-768x511.png 768w, https:\/\/corrientesdetarde.com\/wp-content\/uploads\/2024\/03\/image-472.png 1093w\" sizes=\"auto, (max-width: 1024px) 100vw, 1024px\" \/><\/figure>\n\n\n\n<p>Sin duda, la historia de Nahaira Galeano es un testimonio inspirador de lo que se puede lograr con determinaci\u00f3n, dedicaci\u00f3n y pasi\u00f3n y es el mensaje que se transmiti\u00f3 a los presentes.<\/p>\n\n\n\n<p>\u201cComo dije anteriormente, traten de proponerse metas en esas disciplinas que est\u00e9n haciendo ya sea cualquier deporte y traten de cumplirlas y ser constantes y disciplinados, porque yo tengo una meta, tengo un objetivo que cumplir, entonces cada peque\u00f1a acci\u00f3n que haga influye a largo plazo, \u00bfno? Entonces es importante la constancia y la disciplina para aquello que nosotros queramos mejorar\u201d concluy\u00f3 diciendo Nahaira.<\/p>\n\n\n\n<figure class=\"wp-block-image size-large\"><img loading=\"lazy\" decoding=\"async\" width=\"1024\" height=\"680\" src=\"https:\/\/corrientesdetarde.com\/wp-content\/uploads\/2024\/03\/image-473-1024x680.png\" alt=\"\" class=\"wp-image-133647\" srcset=\"https:\/\/corrientesdetarde.com\/wp-content\/uploads\/2024\/03\/image-473-1024x680.png 1024w, https:\/\/corrientesdetarde.com\/wp-content\/uploads\/2024\/03\/image-473-300x199.png 300w, https:\/\/corrientesdetarde.com\/wp-content\/uploads\/2024\/03\/image-473-768x510.png 768w, https:\/\/corrientesdetarde.com\/wp-content\/uploads\/2024\/03\/image-473.png 1094w\" sizes=\"auto, (max-width: 1024px) 100vw, 1024px\" \/><\/figure>\n","protected":false},"excerpt":{"rendered":"<p>En el marco del programa J\u00f3venes que Inspiran del \u00e1rea Senado Joven, el vicegobernador Pedro Braillard Poccard comparti\u00f3 el inicio de la jornada en la que expusieron ante los presentes&hellip; <\/p>\n","protected":false},"author":4,"featured_media":133648,"comment_status":"closed","ping_status":"open","sticky":false,"template":"","format":"standard","meta":{"footnotes":""},"categories":[8],"tags":[],"class_list":["post-133631","post","type-post","status-publish","format-standard","has-post-thumbnail","hentry","category-locales"],"_links":{"self":[{"href":"https:\/\/corrientesdetarde.com\/index.php\/wp-json\/wp\/v2\/posts\/133631","targetHints":{"allow":["GET"]}}],"collection":[{"href":"https:\/\/corrientesdetarde.com\/index.php\/wp-json\/wp\/v2\/posts"}],"about":[{"href":"https:\/\/corrientesdetarde.com\/index.php\/wp-json\/wp\/v2\/types\/post"}],"author":[{"embeddable":true,"href":"https:\/\/corrientesdetarde.com\/index.php\/wp-json\/wp\/v2\/users\/4"}],"replies":[{"embeddable":true,"href":"https:\/\/corrientesdetarde.com\/index.php\/wp-json\/wp\/v2\/comments?post=133631"}],"version-history":[{"count":1,"href":"https:\/\/corrientesdetarde.com\/index.php\/wp-json\/wp\/v2\/posts\/133631\/revisions"}],"predecessor-version":[{"id":133649,"href":"https:\/\/corrientesdetarde.com\/index.php\/wp-json\/wp\/v2\/posts\/133631\/revisions\/133649"}],"wp:featuredmedia":[{"embeddable":true,"href":"https:\/\/corrientesdetarde.com\/index.php\/wp-json\/wp\/v2\/media\/133648"}],"wp:attachment":[{"href":"https:\/\/corrientesdetarde.com\/index.php\/wp-json\/wp\/v2\/media?parent=133631"}],"wp:term":[{"taxonomy":"category","embeddable":true,"href":"https:\/\/corrientesdetarde.com\/index.php\/wp-json\/wp\/v2\/categories?post=133631"},{"taxonomy":"post_tag","embeddable":true,"href":"https:\/\/corrientesdetarde.com\/index.php\/wp-json\/wp\/v2\/tags?post=133631"}],"curies":[{"name":"wp","href":"https:\/\/api.w.org\/{rel}","templated":true}]}}