{"id":133633,"date":"2024-03-18T22:37:28","date_gmt":"2024-03-19T01:37:28","guid":{"rendered":"https:\/\/corrientesdetarde.com\/?p=133633"},"modified":"2024-03-18T22:37:39","modified_gmt":"2024-03-19T01:37:39","slug":"marcha-atras-enel-la-controladora-de-edesur-aviso-al-gobierno-que-se-queda-en-el-pais","status":"publish","type":"post","link":"https:\/\/corrientesdetarde.com\/index.php\/economia\/marcha-atras-enel-la-controladora-de-edesur-aviso-al-gobierno-que-se-queda-en-el-pais\/","title":{"rendered":"Marcha atr\u00e1s: EnEl, la controladora de Edesur, avis\u00f3 al Gobierno que se queda en el pa\u00eds"},"content":{"rendered":"\n<p>El holding italiano hab\u00eda puesto a la venta su participaci\u00f3n en la distribuidora de energ\u00eda el a\u00f1o pasado pero la expectativa positiva por las reformas los hizo cambiar de opini\u00f3n.<\/p>\n\n\n\n<p>Finalmente la compa\u00f1\u00eda italiana<strong>&nbsp;EnEl, controlante de la operaci\u00f3n de&nbsp;<\/strong><a href=\"https:\/\/noticiasargentinas.com\/economia\/tarifas-de-electricidad--edenor-y-edesur-pidieron-ajustar-los-precios-por-inflacion_a65b3ce3e60bd19162b98a3d8\"><strong>Edesur&nbsp;<\/strong><\/a><strong>en Argentina, dio marcha atr\u00e1s con su decisi\u00f3n de vender y abandonar sus negocios en el pa\u00eds, y se queda<\/strong>&nbsp;tras la buena expectativa por las reformas que lleva a cabo el nuevo gobierno.<\/p>\n\n\n\n<p>As\u00ed se lo hicieron saber sus representantes al Jefe de Gabinete,&nbsp;<strong>Nicol\u00e1s Posse<\/strong>, y el ministro de Econom\u00eda,&nbsp;<strong>Luis Caputo<\/strong>, quienes los recibieron este lunes en la Casa Rosada.&nbsp;<\/p>\n\n\n\n<p>Durante el encuentro, los representantes de la firma manifestaron<strong>&nbsp;la expectativa por el rumbo del Gobierno y las reformas econ\u00f3micas que se est\u00e1n llevando adelante<\/strong>, en especial sobre las desregulaciones propuestas en la Ley Bases para el sector energ\u00e9tico.<\/p>\n\n\n\n<p>Tambi\u00e9n le confirmaron que buscar\u00e1n&nbsp;no desprenderse de El Choc\u00f3n, la generadora hidroel\u00e9ctrica que controla en la Patagonia.<\/p>\n\n\n\n<p>En representaci\u00f3n de la empresa participaron&nbsp;<strong>Flavio Cattaneo<\/strong>, CEO global de EnEl;&nbsp;<strong>Claudio Weyne Cunha<\/strong>, Country Manager de Argentina;&nbsp;<strong>Alejandra&nbsp;<\/strong>Mart\u00ednez, directora de Relaciones Externas; y&nbsp;<strong>Juan Carlos Blanco,<\/strong>&nbsp;presidente de Edesur.&nbsp;<\/p>\n\n\n\n<p>EnEl es una empresa multinacional productora y distribuidora de energ\u00eda el\u00e9ctrica y gas, cuyo principal accionista es el Estado italiano y con sus actividades centradas principalmente en los mercados de Europa y Am\u00e9rica Latina. Cuenta con tres plantas generadoras de energ\u00eda el\u00e9ctrica en el pa\u00eds.<\/p>\n","protected":false},"excerpt":{"rendered":"<p>El holding italiano hab\u00eda puesto a la venta su participaci\u00f3n en la distribuidora de energ\u00eda el a\u00f1o pasado pero la expectativa positiva por las reformas los hizo cambiar de opini\u00f3n.&hellip; <\/p>\n","protected":false},"author":4,"featured_media":133680,"comment_status":"closed","ping_status":"open","sticky":false,"template":"","format":"standard","meta":{"footnotes":""},"categories":[20],"tags":[],"class_list":["post-133633","post","type-post","status-publish","format-standard","has-post-thumbnail","hentry","category-economia"],"_links":{"self":[{"href":"https:\/\/corrientesdetarde.com\/index.php\/wp-json\/wp\/v2\/posts\/133633","targetHints":{"allow":["GET"]}}],"collection":[{"href":"https:\/\/corrientesdetarde.com\/index.php\/wp-json\/wp\/v2\/posts"}],"about":[{"href":"https:\/\/corrientesdetarde.com\/index.php\/wp-json\/wp\/v2\/types\/post"}],"author":[{"embeddable":true,"href":"https:\/\/corrientesdetarde.com\/index.php\/wp-json\/wp\/v2\/users\/4"}],"replies":[{"embeddable":true,"href":"https:\/\/corrientesdetarde.com\/index.php\/wp-json\/wp\/v2\/comments?post=133633"}],"version-history":[{"count":1,"href":"https:\/\/corrientesdetarde.com\/index.php\/wp-json\/wp\/v2\/posts\/133633\/revisions"}],"predecessor-version":[{"id":133681,"href":"https:\/\/corrientesdetarde.com\/index.php\/wp-json\/wp\/v2\/posts\/133633\/revisions\/133681"}],"wp:featuredmedia":[{"embeddable":true,"href":"https:\/\/corrientesdetarde.com\/index.php\/wp-json\/wp\/v2\/media\/133680"}],"wp:attachment":[{"href":"https:\/\/corrientesdetarde.com\/index.php\/wp-json\/wp\/v2\/media?parent=133633"}],"wp:term":[{"taxonomy":"category","embeddable":true,"href":"https:\/\/corrientesdetarde.com\/index.php\/wp-json\/wp\/v2\/categories?post=133633"},{"taxonomy":"post_tag","embeddable":true,"href":"https:\/\/corrientesdetarde.com\/index.php\/wp-json\/wp\/v2\/tags?post=133633"}],"curies":[{"name":"wp","href":"https:\/\/api.w.org\/{rel}","templated":true}]}}