{"id":133639,"date":"2024-03-18T20:41:46","date_gmt":"2024-03-18T23:41:46","guid":{"rendered":"https:\/\/corrientesdetarde.com\/?p=133639"},"modified":"2024-03-18T20:41:58","modified_gmt":"2024-03-18T23:41:58","slug":"cara-delevingne-sufrio-un-feroz-incendio-en-su-mansion-tengo-el-corazon-roto","status":"publish","type":"post","link":"https:\/\/corrientesdetarde.com\/index.php\/espectaculos\/cara-delevingne-sufrio-un-feroz-incendio-en-su-mansion-tengo-el-corazon-roto\/","title":{"rendered":"Cara Delevingne sufri\u00f3 un feroz incendio en su mansi\u00f3n: \u201cTengo el coraz\u00f3n roto\u201d"},"content":{"rendered":"\n<p>La actriz y modelo se encontraba en Londres cuando se enter\u00f3 que un incendio arras\u00f3 con su hogar, ubicado en California, Estados Unidos.<\/p>\n\n\n\n<p><strong>Cara Delevingne<\/strong>, la actriz y modelo conocida por su rol Escuadr\u00f3n Suicida y su paso por las pasarelas de Victoria\u2019s Secret, sufri\u00f3 un gran incendio en su mansi\u00f3n de dos pisos ubicada en Studio City. El hecho tuvo dos heridos: un bombero y una persona que habitaba en su casa.<\/p>\n\n\n\n<p>El incendio se inform\u00f3 poco antes de las 4 am en la cuadra 3200 de North Oakdell Lane, al este de Fryman Road, seg\u00fan anunci\u00f3 Nicholas Prange, del Departamento de Bomberos de Los \u00c1ngeles.<\/p>\n\n\n\n<p>&#8220;Los bomberos llegaron y encontraron una casa de dos pisos construida en 1971, con un&nbsp;<strong>intenso fuego&nbsp;<\/strong>en la parte trasera,&nbsp;<strong>que consumi\u00f3 una habitaci\u00f3n en la parte trasera y se convirti\u00f3 en un incendio profundo en el \u00e1tico<\/strong>&#8220;, expres\u00f3 Prange en un comunicado.<\/p>\n\n\n\n<p>&#8220;Los equipos confirmaron que todos los ocupantes estaban fuera de la casa y luego regresaron al modo defensivo debido a la larga duraci\u00f3n del intenso fuego que expuso los miembros estructurales&#8221;, agreg\u00f3.<\/p>\n\n\n\n<p>94 bomberos necesitaron<strong>\u00a02 horas y 16 minutos<\/strong>\u00a0para acceder, confinar y extinguir las llamas.\u00a0<strong>Un bombero fue transportado en buen estado y un ocupante sufri\u00f3 una leve inhalaci\u00f3n de humo.<\/strong><\/p>\n\n\n\n<figure class=\"wp-block-image size-full\"><img loading=\"lazy\" decoding=\"async\" width=\"702\" height=\"425\" src=\"https:\/\/corrientesdetarde.com\/wp-content\/uploads\/2024\/03\/image-470.png\" alt=\"\" class=\"wp-image-133640\" srcset=\"https:\/\/corrientesdetarde.com\/wp-content\/uploads\/2024\/03\/image-470.png 702w, https:\/\/corrientesdetarde.com\/wp-content\/uploads\/2024\/03\/image-470-300x182.png 300w\" sizes=\"auto, (max-width: 702px) 100vw, 702px\" \/><\/figure>\n\n\n\n<p>La modelo se expres\u00f3 en sus redes sociales, con una foto de sus dos gatos, donde dijo: \u201c<strong>Mi coraz\u00f3n est\u00e1 roto hoy.&nbsp;<\/strong>No puedo creerlo. La vida puede cambiar en un abrir y cerrar de ojos, as\u00ed que valor\u00e1 lo que ten\u00e9s\u201d.<\/p>\n\n\n\n<p>Y agreg\u00f3: \u201cGracias desde el fondo de mi coraz\u00f3n a todos los bomberos y a las personas que se presentaron para ayudar\u201d. M\u00e1s tarde, actualiz\u00f3 su publicaci\u00f3n con otra foto de sus mascotas y escribi\u00f3:&nbsp;<strong>\u201c\u00a1\u00a1Est\u00e1n vivos!! Gracias a los bomberos\u201d.<\/strong><\/p>\n\n\n\n<p>Por el momento,<strong>&nbsp;la causa del incendio est\u00e1 bajo investigaci\u00f3n.<\/strong><\/p>\n","protected":false},"excerpt":{"rendered":"<p>La actriz y modelo se encontraba en Londres cuando se enter\u00f3 que un incendio arras\u00f3 con su hogar, ubicado en California, Estados Unidos. Cara Delevingne, la actriz y modelo conocida&hellip; <\/p>\n","protected":false},"author":4,"featured_media":133641,"comment_status":"closed","ping_status":"open","sticky":false,"template":"","format":"standard","meta":{"footnotes":""},"categories":[19],"tags":[],"class_list":["post-133639","post","type-post","status-publish","format-standard","has-post-thumbnail","hentry","category-espectaculos"],"_links":{"self":[{"href":"https:\/\/corrientesdetarde.com\/index.php\/wp-json\/wp\/v2\/posts\/133639","targetHints":{"allow":["GET"]}}],"collection":[{"href":"https:\/\/corrientesdetarde.com\/index.php\/wp-json\/wp\/v2\/posts"}],"about":[{"href":"https:\/\/corrientesdetarde.com\/index.php\/wp-json\/wp\/v2\/types\/post"}],"author":[{"embeddable":true,"href":"https:\/\/corrientesdetarde.com\/index.php\/wp-json\/wp\/v2\/users\/4"}],"replies":[{"embeddable":true,"href":"https:\/\/corrientesdetarde.com\/index.php\/wp-json\/wp\/v2\/comments?post=133639"}],"version-history":[{"count":1,"href":"https:\/\/corrientesdetarde.com\/index.php\/wp-json\/wp\/v2\/posts\/133639\/revisions"}],"predecessor-version":[{"id":133642,"href":"https:\/\/corrientesdetarde.com\/index.php\/wp-json\/wp\/v2\/posts\/133639\/revisions\/133642"}],"wp:featuredmedia":[{"embeddable":true,"href":"https:\/\/corrientesdetarde.com\/index.php\/wp-json\/wp\/v2\/media\/133641"}],"wp:attachment":[{"href":"https:\/\/corrientesdetarde.com\/index.php\/wp-json\/wp\/v2\/media?parent=133639"}],"wp:term":[{"taxonomy":"category","embeddable":true,"href":"https:\/\/corrientesdetarde.com\/index.php\/wp-json\/wp\/v2\/categories?post=133639"},{"taxonomy":"post_tag","embeddable":true,"href":"https:\/\/corrientesdetarde.com\/index.php\/wp-json\/wp\/v2\/tags?post=133639"}],"curies":[{"name":"wp","href":"https:\/\/api.w.org\/{rel}","templated":true}]}}