{"id":133657,"date":"2024-03-18T21:48:53","date_gmt":"2024-03-19T00:48:53","guid":{"rendered":"https:\/\/corrientesdetarde.com\/?p=133657"},"modified":"2024-03-18T21:48:56","modified_gmt":"2024-03-19T00:48:56","slug":"tras-el-yategate-jesica-cirio-vuelve-a-apostar-al-amor-su-novio-le-propuso-casamiento","status":"publish","type":"post","link":"https:\/\/corrientesdetarde.com\/index.php\/espectaculos\/tras-el-yategate-jesica-cirio-vuelve-a-apostar-al-amor-su-novio-le-propuso-casamiento\/","title":{"rendered":"Tras el yategate, J\u00e9sica Cirio vuelve a apostar al amor: su novio le propuso casamiento"},"content":{"rendered":"\n<p>La modelo y conductora festej\u00f3 su cumplea\u00f1os junto a El\u00edas Piccirillo.<\/p>\n\n\n\n<p><strong>J\u00e9sica Cirio<\/strong>\u00a0cumpli\u00f3 39 a\u00f1os y decidi\u00f3 festejarlo a lo grande.\u00a0<strong>Su novio organiz\u00f3 una s\u00faper fiesta<\/strong>\u00a0con muchos invitados en Astilleros Milberg y ella disfrut\u00f3 de una noche a puro baile para soplar las velitas ni bien el reloj marc\u00f3 las 12.<\/p>\n\n\n\n<figure class=\"wp-block-image size-full\"><img loading=\"lazy\" decoding=\"async\" width=\"700\" height=\"428\" src=\"https:\/\/corrientesdetarde.com\/wp-content\/uploads\/2024\/03\/image-478.png\" alt=\"\" class=\"wp-image-133658\" srcset=\"https:\/\/corrientesdetarde.com\/wp-content\/uploads\/2024\/03\/image-478.png 700w, https:\/\/corrientesdetarde.com\/wp-content\/uploads\/2024\/03\/image-478-300x183.png 300w\" sizes=\"auto, (max-width: 700px) 100vw, 700px\" \/><\/figure>\n\n\n\n<p>La conductora aprovech\u00f3 la oportunidad para hacer la presentaci\u00f3n oficial de su novio,&nbsp;<strong>El\u00edas Piccirillo<\/strong>, con quien sale hace varios meses, inclusive cuando ocurri\u00f3 el yategate con su ex marido,&nbsp;<strong>Mart\u00edn Insaurralde<\/strong>, y la modelo&nbsp;<strong>Sof\u00eda Clerici<\/strong>, que mostr\u00f3 las vacaciones de lujo que comparti\u00f3 con el funcionario en Europa.<\/p>\n\n\n\n<p><strong>\u201c<\/strong><strong>A punto de comenzar un nuevo a\u00f1o de vida. \u00a1Ya llega mi cumple! Y estoy feliz de poder festejarlo con tanta gente que quiero y amo<\/strong><strong>\u201d<\/strong>, escribi\u00f3 la modelo y conductora en su cuenta de Instagram, donde public\u00f3 fotos junto a su nuevo amor.<\/p>\n\n\n\n<figure class=\"wp-block-image size-full\"><img loading=\"lazy\" decoding=\"async\" width=\"698\" height=\"425\" src=\"https:\/\/corrientesdetarde.com\/wp-content\/uploads\/2024\/03\/image-479.png\" alt=\"\" class=\"wp-image-133659\" srcset=\"https:\/\/corrientesdetarde.com\/wp-content\/uploads\/2024\/03\/image-479.png 698w, https:\/\/corrientesdetarde.com\/wp-content\/uploads\/2024\/03\/image-479-300x183.png 300w\" sizes=\"auto, (max-width: 698px) 100vw, 698px\" \/><\/figure>\n\n\n\n<p>Si bien ya viven juntos desde diciembre del a\u00f1o pasado y hab\u00edan surgido rumores de boda, El\u00edas espero al momento del cumplea\u00f1os y<strong>&nbsp;cuando sopl\u00f3 las velitas le propuso que se casaran<\/strong>.<\/p>\n\n\n\n<p>Piccirillo tiene 38 a\u00f1os y<strong>\u00a0<\/strong>es empresario, Accionista y Director de la Tarjeta Sucredito y Director del Banco Sucredito.<\/p>\n\n\n\n<figure class=\"wp-block-image size-full\"><img loading=\"lazy\" decoding=\"async\" width=\"698\" height=\"423\" src=\"https:\/\/corrientesdetarde.com\/wp-content\/uploads\/2024\/03\/image-480.png\" alt=\"\" class=\"wp-image-133660\" srcset=\"https:\/\/corrientesdetarde.com\/wp-content\/uploads\/2024\/03\/image-480.png 698w, https:\/\/corrientesdetarde.com\/wp-content\/uploads\/2024\/03\/image-480-300x182.png 300w\" sizes=\"auto, (max-width: 698px) 100vw, 698px\" \/><\/figure>\n\n\n\n<p>Entre los famosos que fueron invitados al cumplea\u00f1os estuvieron:&nbsp;<strong>Lizy Tagliani, Floppy Tesouro, Luly Drozdek.&nbsp;<\/strong>el cocinero&nbsp;<strong>Rodrigo Casc\u00f3n<\/strong>, el DJ&nbsp;<strong>Fer Palacio<\/strong>, la periodista&nbsp;<strong>Nara Ferragut<\/strong>&nbsp;y la core\u00f3grafa&nbsp;<strong>Mar\u00eda Laura Cattalini<\/strong>. Adem\u00e1s, hubo show de<strong>&nbsp;La T y la M.<\/strong><\/p>\n\n\n\n<p>J\u00e9sica Cirio no continuar\u00e1 al frente del programa<em><strong>&nbsp;La Pe\u00f1a de Morfi<\/strong><\/em>, donde se desempe\u00f1\u00f3 durante los \u00faltimos siete a\u00f1os. En su lugar estar\u00e1 Lizy Tagliani. Seg\u00fan aseguraron en&nbsp;<em>Socios del Espect\u00e1culo<\/em>, la modelo tiene deseos de ser madre con su nueva pareja y, por tal motivo,&nbsp;<strong>ya habr\u00eda congelado \u00f3vulos.<\/strong><\/p>\n","protected":false},"excerpt":{"rendered":"<p>La modelo y conductora festej\u00f3 su cumplea\u00f1os junto a El\u00edas Piccirillo. J\u00e9sica Cirio\u00a0cumpli\u00f3 39 a\u00f1os y decidi\u00f3 festejarlo a lo grande.\u00a0Su novio organiz\u00f3 una s\u00faper fiesta\u00a0con muchos invitados en Astilleros&hellip; <\/p>\n","protected":false},"author":4,"featured_media":133661,"comment_status":"closed","ping_status":"open","sticky":false,"template":"","format":"standard","meta":{"footnotes":""},"categories":[19],"tags":[],"class_list":["post-133657","post","type-post","status-publish","format-standard","has-post-thumbnail","hentry","category-espectaculos"],"_links":{"self":[{"href":"https:\/\/corrientesdetarde.com\/index.php\/wp-json\/wp\/v2\/posts\/133657","targetHints":{"allow":["GET"]}}],"collection":[{"href":"https:\/\/corrientesdetarde.com\/index.php\/wp-json\/wp\/v2\/posts"}],"about":[{"href":"https:\/\/corrientesdetarde.com\/index.php\/wp-json\/wp\/v2\/types\/post"}],"author":[{"embeddable":true,"href":"https:\/\/corrientesdetarde.com\/index.php\/wp-json\/wp\/v2\/users\/4"}],"replies":[{"embeddable":true,"href":"https:\/\/corrientesdetarde.com\/index.php\/wp-json\/wp\/v2\/comments?post=133657"}],"version-history":[{"count":1,"href":"https:\/\/corrientesdetarde.com\/index.php\/wp-json\/wp\/v2\/posts\/133657\/revisions"}],"predecessor-version":[{"id":133662,"href":"https:\/\/corrientesdetarde.com\/index.php\/wp-json\/wp\/v2\/posts\/133657\/revisions\/133662"}],"wp:featuredmedia":[{"embeddable":true,"href":"https:\/\/corrientesdetarde.com\/index.php\/wp-json\/wp\/v2\/media\/133661"}],"wp:attachment":[{"href":"https:\/\/corrientesdetarde.com\/index.php\/wp-json\/wp\/v2\/media?parent=133657"}],"wp:term":[{"taxonomy":"category","embeddable":true,"href":"https:\/\/corrientesdetarde.com\/index.php\/wp-json\/wp\/v2\/categories?post=133657"},{"taxonomy":"post_tag","embeddable":true,"href":"https:\/\/corrientesdetarde.com\/index.php\/wp-json\/wp\/v2\/tags?post=133657"}],"curies":[{"name":"wp","href":"https:\/\/api.w.org\/{rel}","templated":true}]}}