{"id":133663,"date":"2024-03-18T21:52:52","date_gmt":"2024-03-19T00:52:52","guid":{"rendered":"https:\/\/corrientesdetarde.com\/?p=133663"},"modified":"2024-03-18T21:52:55","modified_gmt":"2024-03-19T00:52:55","slug":"reaparecio-kate-middleton-y-aseguraron-que-estaba-feliz-saludable-y-relajada","status":"publish","type":"post","link":"https:\/\/corrientesdetarde.com\/index.php\/espectaculos\/reaparecio-kate-middleton-y-aseguraron-que-estaba-feliz-saludable-y-relajada\/","title":{"rendered":"Reapareci\u00f3 Kate Middleton y aseguraron que estaba \u201cfeliz, saludable y relajada\u201d"},"content":{"rendered":"\n<p>La Princesa de Gales no se muestra p\u00fablicamente desde diciembre de 2023.<\/p>\n\n\n\n<p><strong>Kate Middleton<\/strong>&nbsp;se someti\u00f3 a una cirug\u00eda abdominal en el mes de enero y a\u00fan no se encuentra recuperada. Est\u00e1 aislada y enfocada en mejorar para poder retomar sus actividades.<\/p>\n\n\n\n<p>Si bien no se dieron muchos detalles sobre la intervenci\u00f3n, la familia real brit\u00e1nica confirm\u00f3 que Middleton&nbsp;<strong>estuvo internada durante dos semanas, tras el procedimiento<\/strong>. Luego continu\u00f3 con los cuidados en la finca de Sandringham, rodeada de naturaleza y de sus seres queridos, como el rey Carlos, que fue diagnosticado de c\u00e1ncer recientemente.<\/p>\n\n\n\n<p>Pero desde diciembre no se la vio en p\u00fablico y comenzaron a surgir&nbsp;<a href=\"https:\/\/noticiasargentinas.com\/espectaculos\/-donde-esta-kate-middleton---las-teorias-conspirativas-que-circulan-en-las-redes_a65f4943695dc571a69a83cbe\">varias teor\u00edas<\/a>&nbsp;sobre lo que estar\u00eda ocurriendo con ella, especialmente despu\u00e9s de que retocara una foto familiar para simular que estaba bien. Los usuarios de redes sociales se preguntan qu\u00e9 est\u00e1 pasando con Kate Middleton y no dudan en comparar su imagen con la de&nbsp;<strong>Lady Di,<\/strong>&nbsp;que falleci\u00f3 en un accidente automovil\u00edstico cuando la persegu\u00edan los paparazzi.<\/p>\n\n\n\n<p>\u201c\u00bfEst\u00e1 muerta?, \u00bfTuvo un ACV?, \u00bfLe hicieron una colostom\u00eda?, \u00bfEst\u00e1 con depresi\u00f3n?, \u00bfEst\u00e1 en coma?, \u00bfSufri\u00f3 violencia dom\u00e9stica?\u201d, \u00bfSufri\u00f3 un breakdown mental porque los rumores en Inglaterra dicen que William est\u00e1 esperando un hijo con su amiga Rose, la marquesa de Cholmondeley?\u201d, son algunas de las preguntas.<\/p>\n\n\n\n<p>Sumado a estas dudas, muchos usuarios indicaron que\u00a0la cadena BBC habr\u00eda puesto su logo de luto\u00a0por la muerte de la princesa, aunque otros pensaron que podr\u00eda haber fallecido el rey, pero la realidad es que\u00a0<strong>la cadena p\u00fablica brit\u00e1nica ya utilizaba el color negro como parte de su imagen corporativa.<\/strong><\/p>\n\n\n\n<p>Hace unos d\u00edas, publicaron en el diario&nbsp;<em>The Times<\/em>&nbsp;la informaci\u00f3n de c\u00f3mo ser\u00eda el d\u00eda a d\u00eda de Kate, pero este fin de semana completaron la informaci\u00f3n con un art\u00edculo en<em>&nbsp;The Sun<\/em>, donde aseguraron que la vieron en una tienda de productos org\u00e1nicos llamada&nbsp;<em>The Windsor Farm Shop<\/em>, ubicada muy cerca de su domicilio.<\/p>\n\n\n\n<p>\u201cLos ni\u00f1os no estaban con ellos, pero es una buena se\u00f1al de que estaba<strong>&nbsp;lo suficientemente sana como para ir de compras<\/strong>. Parec\u00eda<strong>&nbsp;feliz, saludable y relajada<\/strong>\u201d, manifest\u00f3 el testigo que vio a Kate junto con William.<\/p>\n\n\n\n<p>Pero lo \u00fanico que hay es el relato del testigo al diario porque&nbsp;<strong>no se vieron im\u00e1genes sobre la presunta salida de Middleton<\/strong>, por lo que es probable que las especulaciones y las teor\u00edas conspirativas contin\u00faen hasta que la princesa haga una aparici\u00f3n p\u00fablica. Para eso falta un mes porque Kate est\u00e1 de baja hasta el 17 de abril, d\u00eda en el que retomar\u00eda su agenda oficial.<\/p>\n\n\n\n<p><strong>\u201cVeo probable la posibilidad de que la princesa hable de su recuperaci\u00f3n<\/strong>&nbsp;en uno de sus actos oficiales. Cuando interact\u00faan con el p\u00fablico se muestran abiertos, as\u00ed que si piensa hacerlo, ser\u00e1 as\u00ed como lo haga.&nbsp;<strong>Querr\u00e1n abrirse y ser claros<\/strong>, pero lo har\u00e1n cuando se sientan preparados. Conoci\u00e9ndola, creo que esa ser\u00e1 su decisi\u00f3n\u201d, asegur\u00f3 una fuente cercana a la Casa Real brit\u00e1nica.<\/p>\n","protected":false},"excerpt":{"rendered":"<p>La Princesa de Gales no se muestra p\u00fablicamente desde diciembre de 2023. Kate Middleton&nbsp;se someti\u00f3 a una cirug\u00eda abdominal en el mes de enero y a\u00fan no se encuentra recuperada.&hellip; <\/p>\n","protected":false},"author":4,"featured_media":133664,"comment_status":"closed","ping_status":"open","sticky":false,"template":"","format":"standard","meta":{"footnotes":""},"categories":[19],"tags":[],"class_list":["post-133663","post","type-post","status-publish","format-standard","has-post-thumbnail","hentry","category-espectaculos"],"_links":{"self":[{"href":"https:\/\/corrientesdetarde.com\/index.php\/wp-json\/wp\/v2\/posts\/133663","targetHints":{"allow":["GET"]}}],"collection":[{"href":"https:\/\/corrientesdetarde.com\/index.php\/wp-json\/wp\/v2\/posts"}],"about":[{"href":"https:\/\/corrientesdetarde.com\/index.php\/wp-json\/wp\/v2\/types\/post"}],"author":[{"embeddable":true,"href":"https:\/\/corrientesdetarde.com\/index.php\/wp-json\/wp\/v2\/users\/4"}],"replies":[{"embeddable":true,"href":"https:\/\/corrientesdetarde.com\/index.php\/wp-json\/wp\/v2\/comments?post=133663"}],"version-history":[{"count":1,"href":"https:\/\/corrientesdetarde.com\/index.php\/wp-json\/wp\/v2\/posts\/133663\/revisions"}],"predecessor-version":[{"id":133665,"href":"https:\/\/corrientesdetarde.com\/index.php\/wp-json\/wp\/v2\/posts\/133663\/revisions\/133665"}],"wp:featuredmedia":[{"embeddable":true,"href":"https:\/\/corrientesdetarde.com\/index.php\/wp-json\/wp\/v2\/media\/133664"}],"wp:attachment":[{"href":"https:\/\/corrientesdetarde.com\/index.php\/wp-json\/wp\/v2\/media?parent=133663"}],"wp:term":[{"taxonomy":"category","embeddable":true,"href":"https:\/\/corrientesdetarde.com\/index.php\/wp-json\/wp\/v2\/categories?post=133663"},{"taxonomy":"post_tag","embeddable":true,"href":"https:\/\/corrientesdetarde.com\/index.php\/wp-json\/wp\/v2\/tags?post=133663"}],"curies":[{"name":"wp","href":"https:\/\/api.w.org\/{rel}","templated":true}]}}