{"id":133669,"date":"2024-03-18T22:00:21","date_gmt":"2024-03-19T01:00:21","guid":{"rendered":"https:\/\/corrientesdetarde.com\/?p=133669"},"modified":"2024-03-18T22:00:33","modified_gmt":"2024-03-19T01:00:33","slug":"los-agricultores-polacos-bloquearon-dos-pasos-fronterizos-con-alemania","status":"publish","type":"post","link":"https:\/\/corrientesdetarde.com\/index.php\/internacionales\/los-agricultores-polacos-bloquearon-dos-pasos-fronterizos-con-alemania\/","title":{"rendered":"Los agricultores polacos bloquearon dos pasos fronterizos con Alemania"},"content":{"rendered":"\n<p>Las protestas contra las regulaciones ambientales de la Uni\u00f3n Europea y las importaciones baratas se extend\u00edan por el\u00a0bloque.<\/p>\n\n\n\n<p>Los&nbsp;<strong>agricultores polacos<\/strong>&nbsp;bloquearon dos cruces fronterizos con Alemania este lunes, inform\u00f3 la polic\u00eda local, mientras que las protestas contra las regulaciones ambientales de la Uni\u00f3n Europea y las importaciones baratas se extend\u00edan por el&nbsp;bloque.<\/p>\n\n\n\n<p><strong>Los agricultores de Polonia y de toda la UE reclamaron cambios en las restricciones que les impone el plan del Pacto Verde de la UE para abordar el cambio clim\u00e1tico, adem\u00e1s de la reimposici\u00f3n de derechos de aduana sobre las importaciones de productos agr\u00edcolas de Ucrania que fueron eximidos\u00a0<\/strong>despu\u00e9s de la invasi\u00f3n de Rusia en 2022.<\/p>\n\n\n\n<p>La&nbsp;<strong>Comisi\u00f3n Europea<\/strong>&nbsp;ofreci\u00f3 el viernes concesiones a los agricultores al proponer una&nbsp;flexibilizaci\u00f3n&nbsp;de una serie de normas sobre dejar tierras en barbecho o rotar cultivos.<\/p>\n\n\n\n<p>Este lunes,&nbsp;<strong>los agricultores&nbsp;<\/strong>bloquearon los pasos fronterizos con Alemania de Swiecko y Gubinek.&nbsp;<\/p>\n\n\n\n<p>Un portavoz de la polic\u00eda local dijo que&nbsp;<strong>los bloqueos&nbsp;<\/strong>comenzaron el domingo y estaba previsto que continuaran hasta el mi\u00e9rcoles.<\/p>\n\n\n\n<p><strong>&#8220;El tr\u00e1fico en Swiecko y Gubinek est\u00e1 bloqueado, no se puede viajar en ninguna direcci\u00f3n&#8221;, inform\u00f3<\/strong>&nbsp;Marcin Maludy, portavoz de la polic\u00eda en la cercana Gorzow Wielkopolski.<\/p>\n\n\n\n<p>Maludy precis\u00f3 que&nbsp;<strong>los camiones&nbsp;<\/strong>que circulan por la regi\u00f3n de Lubusz con destino a Alemania s\u00f3lo tienen la posibilidad de llegar a Olszyn, mientras que los autom\u00f3viles pueden pasar por los dem\u00e1s cruces fronterizos de la regi\u00f3n.Los agricultores polacos est\u00e1n planeando protestas masivas en todo el pa\u00eds el mi\u00e9rcoles, manteniendo la presi\u00f3n sobre los funcionarios para que act\u00faen seg\u00fan sus demandas.<\/p>\n\n\n\n<p><strong>Tienen un agravio particular por la creciente competencia de\u00a0los agricultores de la vecina Ucrania\u00a0no perteneciente a la UE ,\u00a0<\/strong>a quienes acusan de inundar los mercados de la UE con importaciones baratas que los dejan incapaces de competir, seg\u00fan la agencia de noticias Reuters.<\/p>\n\n\n\n<p><\/p>\n","protected":false},"excerpt":{"rendered":"<p>Las protestas contra las regulaciones ambientales de la Uni\u00f3n Europea y las importaciones baratas se extend\u00edan por el\u00a0bloque. Los&nbsp;agricultores polacos&nbsp;bloquearon dos cruces fronterizos con Alemania este lunes, inform\u00f3 la polic\u00eda&hellip; <\/p>\n","protected":false},"author":4,"featured_media":133670,"comment_status":"closed","ping_status":"open","sticky":false,"template":"","format":"standard","meta":{"footnotes":""},"categories":[11],"tags":[],"class_list":["post-133669","post","type-post","status-publish","format-standard","has-post-thumbnail","hentry","category-internacionales"],"_links":{"self":[{"href":"https:\/\/corrientesdetarde.com\/index.php\/wp-json\/wp\/v2\/posts\/133669","targetHints":{"allow":["GET"]}}],"collection":[{"href":"https:\/\/corrientesdetarde.com\/index.php\/wp-json\/wp\/v2\/posts"}],"about":[{"href":"https:\/\/corrientesdetarde.com\/index.php\/wp-json\/wp\/v2\/types\/post"}],"author":[{"embeddable":true,"href":"https:\/\/corrientesdetarde.com\/index.php\/wp-json\/wp\/v2\/users\/4"}],"replies":[{"embeddable":true,"href":"https:\/\/corrientesdetarde.com\/index.php\/wp-json\/wp\/v2\/comments?post=133669"}],"version-history":[{"count":1,"href":"https:\/\/corrientesdetarde.com\/index.php\/wp-json\/wp\/v2\/posts\/133669\/revisions"}],"predecessor-version":[{"id":133671,"href":"https:\/\/corrientesdetarde.com\/index.php\/wp-json\/wp\/v2\/posts\/133669\/revisions\/133671"}],"wp:featuredmedia":[{"embeddable":true,"href":"https:\/\/corrientesdetarde.com\/index.php\/wp-json\/wp\/v2\/media\/133670"}],"wp:attachment":[{"href":"https:\/\/corrientesdetarde.com\/index.php\/wp-json\/wp\/v2\/media?parent=133669"}],"wp:term":[{"taxonomy":"category","embeddable":true,"href":"https:\/\/corrientesdetarde.com\/index.php\/wp-json\/wp\/v2\/categories?post=133669"},{"taxonomy":"post_tag","embeddable":true,"href":"https:\/\/corrientesdetarde.com\/index.php\/wp-json\/wp\/v2\/tags?post=133669"}],"curies":[{"name":"wp","href":"https:\/\/api.w.org\/{rel}","templated":true}]}}