{"id":133686,"date":"2024-03-18T22:58:00","date_gmt":"2024-03-19T01:58:00","guid":{"rendered":"https:\/\/corrientesdetarde.com\/?p=133686"},"modified":"2024-03-18T22:58:12","modified_gmt":"2024-03-19T01:58:12","slug":"el-indec-trabaja-en-una-actualizacion-del-indice-para-medir-la-inflacion","status":"publish","type":"post","link":"https:\/\/corrientesdetarde.com\/index.php\/economia\/el-indec-trabaja-en-una-actualizacion-del-indice-para-medir-la-inflacion\/","title":{"rendered":"El INDEC trabaja en una actualizaci\u00f3n del \u00edndice para medir la inflaci\u00f3n"},"content":{"rendered":"\n<p>El Instituto se encuentra amoldando los precios a relevar y las ponderaciones de acuerdo con la \u00faltima encuesta de consumos que data de 2018. El \u00edndice vigente lo hace sobre la de 2004.<\/p>\n\n\n\n<p>El<strong>\u00a0Instituto Nacional de Estad\u00edstica y Censos (INDEC) se encuentra en la confecci\u00f3n de un nuevo\u00a0\u00cdndice de Precios al Consumidor (IPC).<\/strong>\u00a0El mismo ser\u00e1 sobe una nueva canasta actualizada de gastos e ingresos de la poblaci\u00f3n.\u00a0<\/p>\n\n\n\n<p>La misma, avanzando de la encuesta de 2004 -2005 a la de 2017-2018,<strong>&nbsp;permitir\u00e1 reflejar mejor los cambios en el consumo de la poblaci\u00f3n<\/strong>, tanto par ponderar cantidades como tipos de bienes y servicios.<\/p>\n\n\n\n<p>La metodolog\u00eda no ser\u00eda caprichosa sino que ya estarpia conversada y con el visto bueno del&nbsp;<strong>Fondo Monetario Internacional (FMI)<\/strong>, y las provincias.<\/p>\n\n\n\n<p>E organismo multilateral asesor\u00f3 en t\u00e9rminos t\u00e9cnicos al organismo estad\u00edstico&nbsp;&nbsp;debido a su amplia experiencia en las cuestiones estad\u00edsticas.<\/p>\n\n\n\n<p>La base que se utilizar\u00e1 ser\u00e1 la &nbsp;Encuesta Nacional de Gastos de los Hogares (ENGHo) 2017-2018, que reemplazar\u00e1 a la que se utiliza actualmente para el IPC, correspondiente al per\u00edodo 2004-2005.<\/p>\n\n\n\n<p>\u201c<strong>Desde hace un a\u00f1o se comenz\u00f3 a trabajar en la nueva canasta del IPC<\/strong>, con base en los resultados de la ENGHO 2018, como est\u00e1 contemplado en los planes de trabajo que difunde el Instituto peri\u00f3dicamente\u201d, aclararon fuentes del instituto estad\u00edstico.<\/p>\n\n\n\n<p>Respecto de alguna fecha estimada de presentaci\u00f3n y utilizaci\u00f3n del nuevo \u00edndice, indicaron que \u201ctodav\u00eda no hay una fecha establecida para la difusi\u00f3n del \u00edndice con la nueva canasta\u201d, aunque algunas fuentes comentaron que podr\u00eda ser durante el segundo semestre del 2024 &nbsp;y ser\u00e1 presentado ante profesionales de la academia y consultores para explicar los detalles metodol\u00f3gicos del indicador. Para no dejar margen de error, habr\u00e1 otros dos meses de pruebas antes de ponerlo en marcha.<\/p>\n\n\n\n<p>Adem\u00e1s. \u201cla ENGHo proporciona informaci\u00f3n tanto para el c\u00e1lculo de las ponderaciones del \u00edndice de precios al consumidor (IPC) como para la actualizaci\u00f3n de las estructuras de las canastas de bienes y servicios que se emplean en la elaboraci\u00f3n de las l\u00edneas de pobreza e indigencia\u201d.&nbsp;<\/p>\n\n\n\n<p>Tambi\u00e9n \u201cse utiliza para las estimaciones de las cuentas nacionales y para el dise\u00f1o de pol\u00edticas p\u00fablicas\u201d.<\/p>\n","protected":false},"excerpt":{"rendered":"<p>El Instituto se encuentra amoldando los precios a relevar y las ponderaciones de acuerdo con la \u00faltima encuesta de consumos que data de 2018. El \u00edndice vigente lo hace sobre&hellip; <\/p>\n","protected":false},"author":4,"featured_media":133687,"comment_status":"closed","ping_status":"open","sticky":false,"template":"","format":"standard","meta":{"footnotes":""},"categories":[20],"tags":[],"class_list":["post-133686","post","type-post","status-publish","format-standard","has-post-thumbnail","hentry","category-economia"],"_links":{"self":[{"href":"https:\/\/corrientesdetarde.com\/index.php\/wp-json\/wp\/v2\/posts\/133686","targetHints":{"allow":["GET"]}}],"collection":[{"href":"https:\/\/corrientesdetarde.com\/index.php\/wp-json\/wp\/v2\/posts"}],"about":[{"href":"https:\/\/corrientesdetarde.com\/index.php\/wp-json\/wp\/v2\/types\/post"}],"author":[{"embeddable":true,"href":"https:\/\/corrientesdetarde.com\/index.php\/wp-json\/wp\/v2\/users\/4"}],"replies":[{"embeddable":true,"href":"https:\/\/corrientesdetarde.com\/index.php\/wp-json\/wp\/v2\/comments?post=133686"}],"version-history":[{"count":1,"href":"https:\/\/corrientesdetarde.com\/index.php\/wp-json\/wp\/v2\/posts\/133686\/revisions"}],"predecessor-version":[{"id":133688,"href":"https:\/\/corrientesdetarde.com\/index.php\/wp-json\/wp\/v2\/posts\/133686\/revisions\/133688"}],"wp:featuredmedia":[{"embeddable":true,"href":"https:\/\/corrientesdetarde.com\/index.php\/wp-json\/wp\/v2\/media\/133687"}],"wp:attachment":[{"href":"https:\/\/corrientesdetarde.com\/index.php\/wp-json\/wp\/v2\/media?parent=133686"}],"wp:term":[{"taxonomy":"category","embeddable":true,"href":"https:\/\/corrientesdetarde.com\/index.php\/wp-json\/wp\/v2\/categories?post=133686"},{"taxonomy":"post_tag","embeddable":true,"href":"https:\/\/corrientesdetarde.com\/index.php\/wp-json\/wp\/v2\/tags?post=133686"}],"curies":[{"name":"wp","href":"https:\/\/api.w.org\/{rel}","templated":true}]}}