{"id":133724,"date":"2024-03-19T09:27:08","date_gmt":"2024-03-19T12:27:08","guid":{"rendered":"https:\/\/corrientesdetarde.com\/?p=133724"},"modified":"2024-03-19T09:27:22","modified_gmt":"2024-03-19T12:27:22","slug":"el-gobierno-de-milei-implementa-medidas-para-combatir-la-inflacion-ajustes-en-tarifas-importaciones-y-tasa-de-interes","status":"publish","type":"post","link":"https:\/\/corrientesdetarde.com\/index.php\/economia\/el-gobierno-de-milei-implementa-medidas-para-combatir-la-inflacion-ajustes-en-tarifas-importaciones-y-tasa-de-interes\/","title":{"rendered":"EL GOBIERNO DE MILEI IMPLEMENTA MEDIDAS PARA COMBATIR LA INFLACI\u00d3N: AJUSTES EN TARIFAS, IMPORTACIONES Y TASA DE INTER\u00c9S"},"content":{"rendered":"\n<p>(Corresponsalia Buenos Aires) &#8211; El Gobierno Nacional bajo la gesti\u00f3n de Javier Milei ha adoptado una serie de medidas con el objetivo de enfrentar la inflaci\u00f3n de manera m\u00e1s agresiva durante el mes de marzo. A pesar de un inicio de mes marcado por un continuo aumento en los precios de los alimentos, se busca estabilizar esta situaci\u00f3n mediante intervenciones en diversos sectores.<\/p>\n\n\n\n<p>Entre las medidas m\u00e1s destacadas se encuentra la postergaci\u00f3n del aumento en las tarifas de energ\u00eda y transporte en el \u00c1rea Metropolitana de Buenos Aires (AMBA). Esta decisi\u00f3n, seg\u00fan explic\u00f3 el presidente Milei, responde a un enfoque gradualista, evocando una estrategia similar aplicada por la Corte Suprema de Justicia de la Naci\u00f3n durante la gesti\u00f3n de Mauricio Macri.<\/p>\n\n\n\n<p>Resulta llamativo este aplazamiento considerando que los procesos formales para autorizar los incrementos ya estaban completos, con una fecha de aplicaci\u00f3n establecida para el mes de marzo. Adem\u00e1s, esta acci\u00f3n contradice una promesa realizada al Fondo Monetario Internacional (FMI) como parte de la renegociaci\u00f3n del acuerdo.<\/p>\n\n\n\n<p>Por otro lado, se han tomado medidas para fomentar la competencia en el mercado, especialmente en relaci\u00f3n con las importaciones. El ministro de Econom\u00eda, Luis Caputo, estim\u00f3 que en aproximadamente un mes los productos importados estar\u00e1n compitiendo con los nacionales en las g\u00f3ndolas, lo que deber\u00eda ejercer presi\u00f3n sobre los precios locales.<\/p>\n\n\n\n<p>Para facilitar este proceso, la Administraci\u00f3n Federal de Ingresos P\u00fablicos (AFIP) ha suspendido por 120 d\u00edas corridos la percepci\u00f3n del Impuesto a las Ganancias y del IVA para mercader\u00edas importadas de la canasta b\u00e1sica y medicamentos. Esta medida tiene como objetivo reducir los precios de estos productos y contribuir a la disminuci\u00f3n de la inflaci\u00f3n.<\/p>\n\n\n\n<p>Adem\u00e1s, se ha implementado una reducci\u00f3n en la tasa de inter\u00e9s del programa &#8220;Cuota Simple&#8221; como parte de los esfuerzos por fortalecer el consumo. A pesar de que este programa reemplaz\u00f3 al anterior &#8220;Ahora 12&#8221; el 1\u00b0 de febrero, los resultados obtenidos hasta ahora no han sido los esperados. La reducci\u00f3n de la tasa de inter\u00e9s busca hacer el programa m\u00e1s atractivo y efectivo para los consumidores.<\/p>\n\n\n\n<p>Estas acciones se suman a la restituci\u00f3n del Consejo Federal de Comercio Interior (COFECI) por parte de la Secretar\u00eda de Comercio, con el objetivo de coordinar pol\u00edticas p\u00fablicas relacionadas con el comercio interior en colaboraci\u00f3n con las provincias.<\/p>\n\n\n\n<p>En resumen, el Gobierno de Milei est\u00e1 tomando medidas concretas para abordar la inflaci\u00f3n y estimular el consumo, aunque persisten desaf\u00edos significativos en el panorama econ\u00f3mico del pa\u00eds.<\/p>\n","protected":false},"excerpt":{"rendered":"<p>(Corresponsalia Buenos Aires) &#8211; El Gobierno Nacional bajo la gesti\u00f3n de Javier Milei ha adoptado una serie de medidas con el objetivo de enfrentar la inflaci\u00f3n de manera m\u00e1s agresiva&hellip; <\/p>\n","protected":false},"author":11,"featured_media":105577,"comment_status":"closed","ping_status":"open","sticky":false,"template":"","format":"standard","meta":{"footnotes":""},"categories":[26,20],"tags":[1261,85,336,1338,1754],"class_list":["post-133724","post","type-post","status-publish","format-standard","has-post-thumbnail","hentry","category-destacados","category-economia","tag-caputo","tag-inflacion","tag-milei","tag-tarifas","tag-tarjeta"],"_links":{"self":[{"href":"https:\/\/corrientesdetarde.com\/index.php\/wp-json\/wp\/v2\/posts\/133724","targetHints":{"allow":["GET"]}}],"collection":[{"href":"https:\/\/corrientesdetarde.com\/index.php\/wp-json\/wp\/v2\/posts"}],"about":[{"href":"https:\/\/corrientesdetarde.com\/index.php\/wp-json\/wp\/v2\/types\/post"}],"author":[{"embeddable":true,"href":"https:\/\/corrientesdetarde.com\/index.php\/wp-json\/wp\/v2\/users\/11"}],"replies":[{"embeddable":true,"href":"https:\/\/corrientesdetarde.com\/index.php\/wp-json\/wp\/v2\/comments?post=133724"}],"version-history":[{"count":1,"href":"https:\/\/corrientesdetarde.com\/index.php\/wp-json\/wp\/v2\/posts\/133724\/revisions"}],"predecessor-version":[{"id":133733,"href":"https:\/\/corrientesdetarde.com\/index.php\/wp-json\/wp\/v2\/posts\/133724\/revisions\/133733"}],"wp:featuredmedia":[{"embeddable":true,"href":"https:\/\/corrientesdetarde.com\/index.php\/wp-json\/wp\/v2\/media\/105577"}],"wp:attachment":[{"href":"https:\/\/corrientesdetarde.com\/index.php\/wp-json\/wp\/v2\/media?parent=133724"}],"wp:term":[{"taxonomy":"category","embeddable":true,"href":"https:\/\/corrientesdetarde.com\/index.php\/wp-json\/wp\/v2\/categories?post=133724"},{"taxonomy":"post_tag","embeddable":true,"href":"https:\/\/corrientesdetarde.com\/index.php\/wp-json\/wp\/v2\/tags?post=133724"}],"curies":[{"name":"wp","href":"https:\/\/api.w.org\/{rel}","templated":true}]}}