{"id":13383,"date":"2022-10-21T18:52:26","date_gmt":"2022-10-21T21:52:26","guid":{"rendered":"https:\/\/corrientesdetarde.com\/?p=13383"},"modified":"2022-10-21T18:52:30","modified_gmt":"2022-10-21T21:52:30","slug":"francisco-envio-un-mensaje-por-la-cumbre-mundial-por-el-cambio-climatico","status":"publish","type":"post","link":"https:\/\/corrientesdetarde.com\/index.php\/politica\/francisco-envio-un-mensaje-por-la-cumbre-mundial-por-el-cambio-climatico\/","title":{"rendered":"Francisco envi\u00f3 un mensaje por la cumbre mundial por el cambio clim\u00e1tico"},"content":{"rendered":"\n<p>En el cierre de la Cumbre Mundial de Alcaldes de C40 que se realiza en la ciudad de Buenos Aires y que cont\u00f3 con la participaci\u00f3n de 150 intendentes de todo el pa\u00eds, el papa Francisco le envi\u00f3 una carta al jefe de Gobierno de la Ciudad de Buenos Aires, Horacio Rodr\u00edguez Larreta, en la que agradece la invitaci\u00f3n al encuentro y se dirige a los alcaldes.\u00a0<\/p>\n\n\n\n<p>En su saludo, el papa se refiere al jefe de Gobierno como \u201cquerido hermano\u201d y destaca el encuentro: \u201cEsta cumbre convocada por Ustedes, alcaldes de distintas ciudades, y la din\u00e1mica de trabajo propuesta tiene la particularidad y la riqueza de una doble perspectiva que sortea dial\u00e9cticas o falsos antagonismos que, ciertamente, no ayudan a asumir la complejidad de la cuesti\u00f3n ambiental y de las m\u00faltiples dimensiones que implica. Al reunirse, Ustedes reconocen la imperiosa necesidad de ampliar la mirada y buscar un bien mayor que favorecer\u00e1 a todos; pero lo hacen sin evadirse ni desarraigarse de las problem\u00e1ticas como de las posibilidades que sus ciudades representan\u201d.&nbsp; &nbsp;&nbsp;<\/p>\n\n\n\n<p>Asimismo, Francisco cita la exhortaci\u00f3n apost\u00f3lica Evangelii Gaudium y se\u00f1ala: \u201cEste tipo de encuentros e iniciativas nos recuerda que tambi\u00e9n somos parte de la soluci\u00f3n y que la misma vendr\u00e1 como fruto de un trabajo com\u00fan. Gracias\u201d.&nbsp; En su carta, el papa tambi\u00e9n cita un pasaje de la enc\u00edclica Laudato Si, y sostiene: \u201cDarle a ciudadan\u00eda a la b\u00fasqueda de transformaciones estructurales que permitan reducir la contaminaci\u00f3n clim\u00e1tica nos impulsa a \u00abreconocer que un verdadero planteo ecol\u00f3gico se convierte siempre en un planteo social, que debe integrar la justicia en las discusiones sobre el ambiente, para escuchar tanto el clamor de la tierra como el clamor de los pobres\u00bb\u201d. Y sostuvo que no hay que sumarse a &#8220;la apat\u00eda y la desidia fruto de pol\u00edticas mal aplicadas y de ret\u00f3ricas est\u00e9riles&#8221;.<\/p>\n\n\n\n<p>\u201cImpulsemos en nuestras comunidades una cultura en la que todos se sientan convocados a colaborar como instrumentos de Dios en el cuidado de la creaci\u00f3n para que esta siga siendo una casa para todos\u201d, indica el papa en el p\u00e1rrafo final de la misiva.&nbsp;<\/p>\n\n\n\n<p>La carta fue le\u00edda por el secretario general y de Relaciones Internacionales de la Ciudad, Fernando Straface, en el cierre del encuentro internacional m\u00e1s importante sobre ciudades y cambio clim\u00e1tico. Esta es la primera vez que en el marco de una cumbre de C40 se realiza un Foro Interreligioso y Social con l\u00edderes de cultos y comunidades de fe. Como resultado de ese encuentro, realizado ayer en la Usina del Arte, los alcaldes recibieron la publicaci\u00f3n Foro de Di\u00e1logo Interreligioso y Social: Aportes de las religiones frente al cambio clim\u00e1tico, que re\u00fane las contribuciones de m\u00e1s de 20 instituciones y comunidades de fe.&nbsp;<\/p>\n\n\n\n<p>\u201cEl compromiso de todas las ciudades que formaron parte de la Cumbre Mundial de Alcaldes C40 tiene que potenciarse, multiplicarse y expandirse. Todo el trabajo que hicimos ac\u00e1 tiene que llegar, a trav\u00e9s de ustedes, a sus pa\u00edses de origen para ponerlo en marcha a nivel nacional y global. Camino a la COP 27, tenemos que seguir profundizando este rumbo para llegar a ese encuentro mejor preparados, m\u00e1s comprometidos, y con acuerdos mucho m\u00e1s s\u00f3lidos a nivel internacional\u201d, concluy\u00f3 Rodr\u00edguez Larreta. Antes del cierre, los alcaldes participantes hicieron una foto de familia sobre el escenario, frente a todos los asistentes a la cumbre.&nbsp;<\/p>\n\n\n\n<p>La Cumbre Mundial de Alcaldes de C40 es el encuentro internacional de ciudades y cambio clim\u00e1tico m\u00e1s importante. Durante tres d\u00edas, m\u00e1s de 120 alcaldes de ciudades de todo el mundo y 150 ciudades argentinas debatieron sobre recuperaci\u00f3n verde y justa, bienestar integral y financiamiento verde. Como resultado, intendentes de todo el pa\u00eds presentaron una Declaraci\u00f3n de Ciudades Argentinas, que las compromete a presentar planes de acci\u00f3n clim\u00e1tica y abrir informaci\u00f3n y datos sobre el cambio clim\u00e1tico, entre otras cuestiones. Asimismo, tras la cumbre internacional, y de cara a la COP27, las ciudades arribaron al \u201cConsenso de Buenos Aires\u201d, con nuevos compromisos de las ciudades, de las principales instituciones financieras de la regi\u00f3n y del sector privado para garantizar el financiamiento clim\u00e1tico que requieren las ciudades de Am\u00e9rica Latina.<\/p>\n","protected":false},"excerpt":{"rendered":"<p>En el cierre de la Cumbre Mundial de Alcaldes de C40 que se realiza en la ciudad de Buenos Aires y que cont\u00f3 con la participaci\u00f3n de 150 intendentes de&hellip; <\/p>\n","protected":false},"author":8,"featured_media":13384,"comment_status":"closed","ping_status":"open","sticky":false,"template":"","format":"standard","meta":{"footnotes":""},"categories":[3],"tags":[],"class_list":["post-13383","post","type-post","status-publish","format-standard","has-post-thumbnail","hentry","category-politica"],"_links":{"self":[{"href":"https:\/\/corrientesdetarde.com\/index.php\/wp-json\/wp\/v2\/posts\/13383","targetHints":{"allow":["GET"]}}],"collection":[{"href":"https:\/\/corrientesdetarde.com\/index.php\/wp-json\/wp\/v2\/posts"}],"about":[{"href":"https:\/\/corrientesdetarde.com\/index.php\/wp-json\/wp\/v2\/types\/post"}],"author":[{"embeddable":true,"href":"https:\/\/corrientesdetarde.com\/index.php\/wp-json\/wp\/v2\/users\/8"}],"replies":[{"embeddable":true,"href":"https:\/\/corrientesdetarde.com\/index.php\/wp-json\/wp\/v2\/comments?post=13383"}],"version-history":[{"count":1,"href":"https:\/\/corrientesdetarde.com\/index.php\/wp-json\/wp\/v2\/posts\/13383\/revisions"}],"predecessor-version":[{"id":13385,"href":"https:\/\/corrientesdetarde.com\/index.php\/wp-json\/wp\/v2\/posts\/13383\/revisions\/13385"}],"wp:featuredmedia":[{"embeddable":true,"href":"https:\/\/corrientesdetarde.com\/index.php\/wp-json\/wp\/v2\/media\/13384"}],"wp:attachment":[{"href":"https:\/\/corrientesdetarde.com\/index.php\/wp-json\/wp\/v2\/media?parent=13383"}],"wp:term":[{"taxonomy":"category","embeddable":true,"href":"https:\/\/corrientesdetarde.com\/index.php\/wp-json\/wp\/v2\/categories?post=13383"},{"taxonomy":"post_tag","embeddable":true,"href":"https:\/\/corrientesdetarde.com\/index.php\/wp-json\/wp\/v2\/tags?post=13383"}],"curies":[{"name":"wp","href":"https:\/\/api.w.org\/{rel}","templated":true}]}}