{"id":133857,"date":"2024-03-19T12:33:46","date_gmt":"2024-03-19T15:33:46","guid":{"rendered":"https:\/\/corrientesdetarde.com\/?p=133857"},"modified":"2024-03-19T12:33:49","modified_gmt":"2024-03-19T15:33:49","slug":"dia-internacional-de-la-poesia-se-presenta-inventario-en-la-universidad-de-la-cuenca-del-plata","status":"publish","type":"post","link":"https:\/\/corrientesdetarde.com\/index.php\/cultura\/dia-internacional-de-la-poesia-se-presenta-inventario-en-la-universidad-de-la-cuenca-del-plata\/","title":{"rendered":"D\u00eda internacional de la Poes\u00eda: Se presenta \u201cInventario\u201d en la Universidad de la Cuenca del Plata"},"content":{"rendered":"\n<p>D\u00eda internacional de la Poes\u00eda <\/p>\n\n\n\n<p>El jueves 21 de marzo a las 19,30 en el Sal\u00f3n Auditorio Angel Rodr\u00edguez de la Universidad de la Cuenca del Plata, ubicado en Lavalle 50 de nuestra ciudad, se presentar\u00e1 \u201cInventario\u201d. Se trata del cuarto poemario de Constanza P\u00e9rez Ruiz, y n\u00famero 10 de la Colecci\u00f3n de poes\u00eda &#8220;Como el agua&#8221; de Moglia Ediciones. El libro se completa con fotograf\u00edas de Joaquina Lezcano.<br>La presentaci\u00f3n, organizada por el Area de Extensi\u00f3n de la UCP, estar\u00e1 a cargo de la escritora Mariana Rinesi, y el cantautor Miguel Tayara, que dialogar\u00e1n con la autora. Al mismo tiempo se interpretar\u00e1n canciones con m\u00fasica compuesta por Tayara y Nino Zannoni y letras de Constanza P\u00e9rez Ruiz.<\/p>\n\n\n\n<p>\u201cInventario\u201d preserva a trav\u00e9s de la poes\u00eda, la memoria de personas y espacios amados por la autora, quien, de esa manera recorre su vida. &#8220;Este inventario es esencialmente incompleto, est\u00e1 abierto, como la vida&#8221;, nos dice su autora, quien construye a partir de cada texto, un libro entra\u00f1able en su sutileza, y a la vez, en su apasionamiento. Hay en este Inventario una intenci\u00f3n de detener el tiempo a trav\u00e9s de los recuerdos. Se hace presente en la palabra, lo que la palabra nombra en el poema pero tambi\u00e9n est\u00e1 latente el misterio de lo indecible, cuya presencia se siente porque provoca la fuerte impresi\u00f3n de lo no dicho&#8221;, dice Evelin Bochle, directora de la colecci\u00f3n de poes\u00eda de Moglia Ediciones, en el ep\u00edlogo.<br>La autora<br>Constanza P\u00e9rez Ruiz naci\u00f3 en Corrientes en 1972. Es licenciada en Comunicaci\u00f3n Social (UNNE), se especializ\u00f3 en Cr\u00edtica Teatral (INT) y Escrituras Creativas (Posgrado Flacso). Es autora de los poemarios: &#8220;Tiene voz&#8221;, &#8220;Cart\u00f3n&#8221;, &#8220;Broches&#8221;, e &#8220;Inventario&#8221;. Recibi\u00f3 el Primer Premio de Poes\u00eda. Creadores de la Universidad del Sol. UNNE (2011). Tercer premio de poes\u00eda. Concurso CCU- UNNE (2014).<br>Como periodista tiene una larga trayectoria en la televisi\u00f3n de Corrientes, desde 1995 a la fecha. Recibi\u00f3 el Primer Premio a la Conducci\u00f3n de Magazine por el Programa &#8220;En el patio&#8221;, Festival Federal &#8220;Pucar\u00e1&#8221; (C\u00f3rdoba. 2014). Primer Premio en las Jornadas de Comunicaciones Cient\u00edficas de la UNNE. &#8220;Representaciones de la mujer en la cumbia villera&#8221;. 2004. Co-realiz\u00f3 los documentales &#8220;Casa de los Mart\u00ednez&#8221;, &#8220;La estaci\u00f3n&#8221;, y &#8220;Yaj\u00e1 Por\u00e1, experiencias laborales en contexto de encierro&#8221;.<\/p>\n\n\n\n<figure class=\"wp-block-image size-large\"><img loading=\"lazy\" decoding=\"async\" width=\"819\" height=\"1024\" src=\"https:\/\/corrientesdetarde.com\/wp-content\/uploads\/2024\/03\/WhatsApp-Image-2024-03-19-at-11.46.45_d1bfe001-819x1024.jpg\" alt=\"\" class=\"wp-image-133858\" srcset=\"https:\/\/corrientesdetarde.com\/wp-content\/uploads\/2024\/03\/WhatsApp-Image-2024-03-19-at-11.46.45_d1bfe001-819x1024.jpg 819w, https:\/\/corrientesdetarde.com\/wp-content\/uploads\/2024\/03\/WhatsApp-Image-2024-03-19-at-11.46.45_d1bfe001-240x300.jpg 240w, https:\/\/corrientesdetarde.com\/wp-content\/uploads\/2024\/03\/WhatsApp-Image-2024-03-19-at-11.46.45_d1bfe001-768x960.jpg 768w, https:\/\/corrientesdetarde.com\/wp-content\/uploads\/2024\/03\/WhatsApp-Image-2024-03-19-at-11.46.45_d1bfe001.jpg 1080w\" sizes=\"auto, (max-width: 819px) 100vw, 819px\" \/><\/figure>\n","protected":false},"excerpt":{"rendered":"<p>D\u00eda internacional de la Poes\u00eda El jueves 21 de marzo a las 19,30 en el Sal\u00f3n Auditorio Angel Rodr\u00edguez de la Universidad de la Cuenca del Plata, ubicado en Lavalle&hellip; <\/p>\n","protected":false},"author":1,"featured_media":133858,"comment_status":"closed","ping_status":"open","sticky":false,"template":"","format":"standard","meta":{"footnotes":""},"categories":[15,1208],"tags":[],"class_list":["post-133857","post","type-post","status-publish","format-standard","has-post-thumbnail","hentry","category-cultura","category-eventossociedad"],"_links":{"self":[{"href":"https:\/\/corrientesdetarde.com\/index.php\/wp-json\/wp\/v2\/posts\/133857","targetHints":{"allow":["GET"]}}],"collection":[{"href":"https:\/\/corrientesdetarde.com\/index.php\/wp-json\/wp\/v2\/posts"}],"about":[{"href":"https:\/\/corrientesdetarde.com\/index.php\/wp-json\/wp\/v2\/types\/post"}],"author":[{"embeddable":true,"href":"https:\/\/corrientesdetarde.com\/index.php\/wp-json\/wp\/v2\/users\/1"}],"replies":[{"embeddable":true,"href":"https:\/\/corrientesdetarde.com\/index.php\/wp-json\/wp\/v2\/comments?post=133857"}],"version-history":[{"count":1,"href":"https:\/\/corrientesdetarde.com\/index.php\/wp-json\/wp\/v2\/posts\/133857\/revisions"}],"predecessor-version":[{"id":133859,"href":"https:\/\/corrientesdetarde.com\/index.php\/wp-json\/wp\/v2\/posts\/133857\/revisions\/133859"}],"wp:featuredmedia":[{"embeddable":true,"href":"https:\/\/corrientesdetarde.com\/index.php\/wp-json\/wp\/v2\/media\/133858"}],"wp:attachment":[{"href":"https:\/\/corrientesdetarde.com\/index.php\/wp-json\/wp\/v2\/media?parent=133857"}],"wp:term":[{"taxonomy":"category","embeddable":true,"href":"https:\/\/corrientesdetarde.com\/index.php\/wp-json\/wp\/v2\/categories?post=133857"},{"taxonomy":"post_tag","embeddable":true,"href":"https:\/\/corrientesdetarde.com\/index.php\/wp-json\/wp\/v2\/tags?post=133857"}],"curies":[{"name":"wp","href":"https:\/\/api.w.org\/{rel}","templated":true}]}}