{"id":133865,"date":"2024-03-19T13:20:59","date_gmt":"2024-03-19T16:20:59","guid":{"rendered":"https:\/\/corrientesdetarde.com\/?p=133865"},"modified":"2024-03-19T13:21:10","modified_gmt":"2024-03-19T16:21:10","slug":"el-gobierno-anuncio-que-cerrara-otros-dos-organismos-publicos-y-despedira-a-900-empleados","status":"publish","type":"post","link":"https:\/\/corrientesdetarde.com\/index.php\/politica\/el-gobierno-anuncio-que-cerrara-otros-dos-organismos-publicos-y-despedira-a-900-empleados\/","title":{"rendered":"El Gobierno anunci\u00f3 que cerrar\u00e1 otros dos organismos p\u00fablicos y despedir\u00e1 a 900 empleados"},"content":{"rendered":"\n<p>El vocero presidencial Manuel Adorni adelant\u00f3 que impulsan las disoluciones del Instituto de Agricultura Familiar, Campesina e Ind\u00edgena y del Consejo Nacional de Agricultura Familiar.<\/p>\n\n\n\n<p>El Gobierno anunci\u00f3 el\u00a0<strong>cierre\u00a0<\/strong>de otros dos organismos como parte del plan de reducci\u00f3n del gasto p\u00fablico que lleva adelante. El vocero presidencial,   Manuel Adorni\u00a0<strong>,\u00a0<\/strong>explic\u00f3 que el ministerio de Econom\u00eda, liderado por  Luis &#8220;Toto&#8221; Caputo<strong>,<\/strong>\u00a0dispuso la\u00a0<strong>disoluci\u00f3n\u00a0<\/strong>del Instituto de Agricultura Familiar, Campesina e Ind\u00edgena y del Consejo Nacional de Agricultura Familiar, lo que implicar\u00e1 el\u00a0<strong>despido de 900<\/strong>\u00a0empleados p\u00fablicos.<\/p>\n\n\n\n<p>La medida anunciada por el vocero presidencial se suma al cierre de otros organismos como la agencia oficial de noticias\u00a0y el Instituto Nacional contra la Discriminaci\u00f3n, la Xenofobia y el Racismo (INADI) entre otros, como parte de los objetivos del Gobierno de racionalizaci\u00f3n de los recursos y d\u00e9ficit fiscal cero.<\/p>\n\n\n\n<p>Adorni dijo en conferencia de prensa en Casa Rosada, tras una \u201crevisi\u00f3n de datos calamitosos y profundamente desoladores\u201d: \u201cCon un total de&nbsp;<strong>964 empleados<\/strong>&nbsp;y 164 delegaciones, el organismo se va a reducir a una Direcci\u00f3n con<strong>&nbsp;64 empleados,&nbsp;<\/strong>lo que va a significar un ahorro de $9 mil millones, se van a reducir 900 puestos de&nbsp;<strong>no trabajo\u201d.<\/strong><\/p>\n\n\n\n<p>El vocero presidencial argument\u00f3 la medida con fuertes cr\u00edticas a lo que denomin\u00f3 \u201cla&nbsp;<strong>fiesta&nbsp;<\/strong>que hab\u00eda del gasto p\u00fablico\u201d y explic\u00f3 que el INAFCI \u201cten\u00eda dos sedes, una en Catamarca y otra en Santiago del Estero, uno de cada tres empleados eran delegados, ten\u00eda 204 veh\u00edculos y el 85% del presupuesto se dedicaba a pagar sueldos, casi una agencia de empleo pol\u00edtico\u201d.<\/p>\n\n\n\n<p>Adorni dijo que el organismo recib\u00eda \u201c<strong>fondos<\/strong>&nbsp;<strong>discrecionales,<\/strong>&nbsp;donde actuaban organizaciones sociales y municipios, en estas transferencias\u201d, y plante\u00f3: \u201cLa ineficiencia&nbsp; de este organismose refleja en que todav\u00eda no hemos recibido reclamos de productores ni trabajadores del campo, el instituto no estaba cumpliendo con la esencia en la que se hab\u00eda basado para su creaci\u00f3n\u201d.<\/p>\n\n\n\n<h2 class=\"wp-block-heading\">El balance del Gobierno en los primeros 100 d\u00edas de gesti\u00f3n de Javier Milei<\/h2>\n\n\n\n<p>El vocero presidencial dijo como balance de los<strong>\u00a0primeros 100 d\u00edas<\/strong>\u00a0de la gesti\u00f3n de Milei al frente del Ejecutivo que en todos los gobiernos este per\u00edodo se toma como referencia y critic\u00f3 a un sector de la oposici\u00f3n. El vocero presidencial plante\u00f3 que \u201ctodos los gobiernos fueron acompa\u00f1ados en los primeros d\u00edas de gesti\u00f3n por la pol\u00edtica, acompa\u00f1ando las reformas propuestas\u201d y que el caso de Milei \u201ces at\u00edpico en esta breve historia, porque es el primer gobierno donde en este plazo se le rechaza un Decreto de Necesidad y Urgencia (DNU)\u00a0\u201d.<\/p>\n\n\n\n<p>Adorni critic\u00f3 adem\u00e1s que en los primeros 100 d\u00edas del gobierno de La Libertad Avanza \u201cse intent\u00f3 parar el pa\u00eds, trenes, colectivos, y se amenaz\u00f3<strong>&nbsp;con cortes de gas y combustible,<\/strong>&nbsp;incluso r\u00e1pida y llamativamente se uni\u00f3 un espectro variopinto de la oposici\u00f3n\u201d, y destac\u00f3: \u201cEste es el \u00fanico gobierno que en los primeros d\u00edas cumpli\u00f3 puntillosamente con cada punto prometido en campa\u00f1a, ning\u00fan otro gobierno se hab\u00eda animado a meterle la mano en el bolsillo a la pol\u00edtica ni expuso tanto a la pol\u00edtica como lo hizo \u00e9ste, ning\u00fan otro gobierno atac\u00f3 desde el inicio el&nbsp;<strong>d\u00e9ficit fiscal\u201d.<\/strong><\/p>\n","protected":false},"excerpt":{"rendered":"<p>El vocero presidencial Manuel Adorni adelant\u00f3 que impulsan las disoluciones del Instituto de Agricultura Familiar, Campesina e Ind\u00edgena y del Consejo Nacional de Agricultura Familiar. El Gobierno anunci\u00f3 el\u00a0cierre\u00a0de otros&hellip; <\/p>\n","protected":false},"author":8,"featured_media":133866,"comment_status":"closed","ping_status":"open","sticky":false,"template":"","format":"standard","meta":{"footnotes":""},"categories":[3],"tags":[],"class_list":["post-133865","post","type-post","status-publish","format-standard","has-post-thumbnail","hentry","category-politica"],"_links":{"self":[{"href":"https:\/\/corrientesdetarde.com\/index.php\/wp-json\/wp\/v2\/posts\/133865","targetHints":{"allow":["GET"]}}],"collection":[{"href":"https:\/\/corrientesdetarde.com\/index.php\/wp-json\/wp\/v2\/posts"}],"about":[{"href":"https:\/\/corrientesdetarde.com\/index.php\/wp-json\/wp\/v2\/types\/post"}],"author":[{"embeddable":true,"href":"https:\/\/corrientesdetarde.com\/index.php\/wp-json\/wp\/v2\/users\/8"}],"replies":[{"embeddable":true,"href":"https:\/\/corrientesdetarde.com\/index.php\/wp-json\/wp\/v2\/comments?post=133865"}],"version-history":[{"count":1,"href":"https:\/\/corrientesdetarde.com\/index.php\/wp-json\/wp\/v2\/posts\/133865\/revisions"}],"predecessor-version":[{"id":133867,"href":"https:\/\/corrientesdetarde.com\/index.php\/wp-json\/wp\/v2\/posts\/133865\/revisions\/133867"}],"wp:featuredmedia":[{"embeddable":true,"href":"https:\/\/corrientesdetarde.com\/index.php\/wp-json\/wp\/v2\/media\/133866"}],"wp:attachment":[{"href":"https:\/\/corrientesdetarde.com\/index.php\/wp-json\/wp\/v2\/media?parent=133865"}],"wp:term":[{"taxonomy":"category","embeddable":true,"href":"https:\/\/corrientesdetarde.com\/index.php\/wp-json\/wp\/v2\/categories?post=133865"},{"taxonomy":"post_tag","embeddable":true,"href":"https:\/\/corrientesdetarde.com\/index.php\/wp-json\/wp\/v2\/tags?post=133865"}],"curies":[{"name":"wp","href":"https:\/\/api.w.org\/{rel}","templated":true}]}}