{"id":133871,"date":"2024-03-19T13:29:41","date_gmt":"2024-03-19T16:29:41","guid":{"rendered":"https:\/\/corrientesdetarde.com\/?p=133871"},"modified":"2024-03-19T13:29:53","modified_gmt":"2024-03-19T16:29:53","slug":"aparecieron-nuevas-amenazas-contra-el-gobernador-pullaro-en-rosario-con-la-mafia-no-se-jode-o-llueve-plomo","status":"publish","type":"post","link":"https:\/\/corrientesdetarde.com\/index.php\/actualidad\/aparecieron-nuevas-amenazas-contra-el-gobernador-pullaro-en-rosario-con-la-mafia-no-se-jode-o-llueve-plomo\/","title":{"rendered":"Aparecieron nuevas amenazas contra el gobernador Pullaro en Rosario: \u201cCon la mafia no se jode o llueve plomo\u201d"},"content":{"rendered":"\n<p>La nota fue hallada en la peatonal C\u00f3rdoba en la previa de la llegada del ministro de Defensa Luis Petri. La intimidaci\u00f3n tambi\u00e9n fue dirigida al intendente, Pablo Javkin.<\/p>\n\n\n\n<p>Aparecieron nuevas amenazas contra el gobernador de Santa Fe, Maximiliano Pullaro,  y el intendente de\u00a0Rosario, Pablo Javkin. La nota fue hallada en una peatonal en la previa a la llegada del  ministro de Defensa. <strong>\u201cCon la mafia no se jode o llueve plomo\u201d,\u00a0<\/strong>se lee en el escrito.<\/p>\n\n\n\n<p>La ciudad vive momentos de mucha violencia. En las \u00faltimas semanas fueron asesinados por sicarios\u00a0<strong>cuatro trabajadores\u00a0<\/strong>y se produjeron balaceras en distintos puntos de la localidad. Desde entonces, el Gobierno lleva adelante distintas medidas para controlar la situaci\u00f3n. Es por eso que este martes\u00a0<strong>Luis Petri arribar\u00e1 para concretar el apoyo de las Fuerzas Armadas\u00a0<\/strong>en la lucha contra el narcotr\u00e1fico.<\/p>\n\n\n\n<p>En ese contexto, la peatonal C\u00f3rdoba hoy amaneci\u00f3 con notas que llevaban escritas&nbsp;<strong>amenazas&nbsp;<\/strong>hacia los mandatarios locales.<strong>&nbsp;\u201cPullaro &#8211; Javkin, tremendos vende humo. Con la mafia no se jode o llueve plomo<\/strong>\u201d, se lee en uno de los carteles escrito a mano y con fibr\u00f3n negro.<\/p>\n\n\n\n<p>Otra de las intimidaciones, tambi\u00e9n encontrada en la zona, se dirig\u00edan solamente al gobernador:&nbsp;<strong>\u201cNarco Pullaro. No te hagas el turro o te llueve plomo. Narcoprogresista\u201d.<\/strong><\/p>\n\n\n\n<figure class=\"wp-block-image\"><img decoding=\"async\" src=\"https:\/\/tn.com.ar\/resizer\/g-nbe323fUsJ75z-BBJ_ranZh_0=\/767x0\/smart\/filters:format(webp)\/cloudfront-us-east-1.images.arcpublishing.com\/artear\/MY757YRSKBDH7KTUXEVUO3TQEM.PNG\" alt=\"Una de las amenazas encontradas en la peatonal C\u00f3rdoba en Rosario. (Foto: Rosario Nuestro)\"\/><\/figure>\n\n\n\n<p>Rosario se encuentra atravesando momentos de tensi\u00f3n y el Gobierno intenta llevar adelante un operativo para contrarrestar el avance de las bandas y sicarios. Las notas amenazantes aparecieron<strong>&nbsp;horas antes de la llegada de Petri,<\/strong>&nbsp;quien participar\u00e1 del acto de lanzamiento de las tareas de asistencia que llevar\u00e1n adelante las Fuerzas Armadas al operativo conjunto de la fuerzas de seguridad provinciales y federales.<\/p>\n\n\n\n<p>Seg\u00fan se anunci\u00f3, el ministro de Defensa llegar\u00e1 junto a tres helic\u00f3pteros Bell 412EP de la Fuerza A\u00e9rea y estar\u00e1 acompa\u00f1ado por los cuatro jefes militares, del Estado Mayor Conjunto: Xavier Isaac, Carlos Allievi, Luis Presti y Fernando Mengo.<\/p>\n\n\n\n<p>Las aeronaves, cuya base de origen es la VII Brigada A\u00e9rea de Moreno, de la provincia de Buenos Aires, proveer\u00e1n movilidad a las fuerzas federales. Est\u00e1n equipados con una estructura ventral (piso) de kevlar (material sint\u00e9tico usado para detener balas) con el prop\u00f3sito de proteger a los pilotos y tripulaci\u00f3n de tiradores furtivos desde tierra.<\/p>\n\n\n\n<figure class=\"wp-block-image\"><img decoding=\"async\" src=\"https:\/\/tn.com.ar\/resizer\/8P1hz7rBnrcBDoqbFYiP7L_xkQ0=\/767x0\/smart\/filters:format(webp)\/cloudfront-us-east-1.images.arcpublishing.com\/artear\/D2YNAASC7NCZDBQ5L3FBIFUSNE.jpg\" alt=\"Diecis\u00e9is personas fueron imputadas por el crimen del taxista y del colectivero en Rosario. (Foto: Juan Jos\u00e9 Garc\u00eda\/Clar\u00edn)\"\/><\/figure>\n\n\n\n<p>Este viernes 16 sospechosos fueron\u00a0<strong>imputados como part\u00edcipes necesarios y encubridores\u00a0<\/strong>del crimen del taxista Diego Alejandro Celentano (38 a\u00f1os) y del colectivero Marcos Iv\u00e1n D`aloia\u00a0(39), ambos asesinados brutalmente en Rosario.<\/p>\n\n\n\n<p>A su vez, creen que adem\u00e1s de haber participado de estos homicidios,&nbsp;<strong>estar\u00edan implicados en la balacera contra la Comisar\u00eda 15\u00aa y en el ataque a un colectivo de la l\u00ednea 122 Roja<\/strong>.<\/p>\n\n\n\n<p>El fiscal Patricio Saldutti dijo en conferencia de prensa que \u201cdurante la investigaci\u00f3n se pudo saber que en el \u00faltimo tiempo&nbsp;<strong>se realiz\u00f3 una serie de movimientos tanto en c\u00e1rceles federales como provinciales<\/strong>&nbsp;que han motivado esta sucesi\u00f3n de hechos violentos\u201d.<\/p>\n\n\n\n<p>En esta misma l\u00ednea, detall\u00f3 que \u201cno se pudo determinar si hubo un plan conjunto\u201d pero s\u00ed creen que \u201c<strong>la motivaci\u00f3n de todos los cr\u00edmenes puede tener un mismo origen<\/strong>\u201d.<\/p>\n","protected":false},"excerpt":{"rendered":"<p>La nota fue hallada en la peatonal C\u00f3rdoba en la previa de la llegada del ministro de Defensa Luis Petri. La intimidaci\u00f3n tambi\u00e9n fue dirigida al intendente, Pablo Javkin. Aparecieron&hellip; <\/p>\n","protected":false},"author":8,"featured_media":133872,"comment_status":"closed","ping_status":"open","sticky":false,"template":"","format":"standard","meta":{"footnotes":""},"categories":[23],"tags":[],"class_list":["post-133871","post","type-post","status-publish","format-standard","has-post-thumbnail","hentry","category-actualidad"],"_links":{"self":[{"href":"https:\/\/corrientesdetarde.com\/index.php\/wp-json\/wp\/v2\/posts\/133871","targetHints":{"allow":["GET"]}}],"collection":[{"href":"https:\/\/corrientesdetarde.com\/index.php\/wp-json\/wp\/v2\/posts"}],"about":[{"href":"https:\/\/corrientesdetarde.com\/index.php\/wp-json\/wp\/v2\/types\/post"}],"author":[{"embeddable":true,"href":"https:\/\/corrientesdetarde.com\/index.php\/wp-json\/wp\/v2\/users\/8"}],"replies":[{"embeddable":true,"href":"https:\/\/corrientesdetarde.com\/index.php\/wp-json\/wp\/v2\/comments?post=133871"}],"version-history":[{"count":1,"href":"https:\/\/corrientesdetarde.com\/index.php\/wp-json\/wp\/v2\/posts\/133871\/revisions"}],"predecessor-version":[{"id":133873,"href":"https:\/\/corrientesdetarde.com\/index.php\/wp-json\/wp\/v2\/posts\/133871\/revisions\/133873"}],"wp:featuredmedia":[{"embeddable":true,"href":"https:\/\/corrientesdetarde.com\/index.php\/wp-json\/wp\/v2\/media\/133872"}],"wp:attachment":[{"href":"https:\/\/corrientesdetarde.com\/index.php\/wp-json\/wp\/v2\/media?parent=133871"}],"wp:term":[{"taxonomy":"category","embeddable":true,"href":"https:\/\/corrientesdetarde.com\/index.php\/wp-json\/wp\/v2\/categories?post=133871"},{"taxonomy":"post_tag","embeddable":true,"href":"https:\/\/corrientesdetarde.com\/index.php\/wp-json\/wp\/v2\/tags?post=133871"}],"curies":[{"name":"wp","href":"https:\/\/api.w.org\/{rel}","templated":true}]}}