{"id":133877,"date":"2024-03-19T13:38:33","date_gmt":"2024-03-19T16:38:33","guid":{"rendered":"https:\/\/corrientesdetarde.com\/?p=133877"},"modified":"2024-03-19T13:38:38","modified_gmt":"2024-03-19T16:38:38","slug":"se-presento-en-goya-el-acto-en-homenaje-para-honrar-a-los-ex-combatientes","status":"publish","type":"post","link":"https:\/\/corrientesdetarde.com\/index.php\/interior\/se-presento-en-goya-el-acto-en-homenaje-para-honrar-a-los-ex-combatientes\/","title":{"rendered":"Se present\u00f3 en Goya el acto en homenaje para honrar a los Ex Combatientes"},"content":{"rendered":"\n<p>El pr\u00f3ximo martes 2 de abril se conmemoran 42 a\u00f1os de la Gesta de Malvinas, y la ciudad de Goya se prepara para rendir un emotivo homenaje a los Ex Combatientes. Las actividades, que contar\u00e1n con un desfile y posteriormente una cena, prometen ser un evento significativo y emotivo para honrar a aquellos que lucharon en defensa de nuestra Patria.<br><br>En la ciudad de Goya, se llevar\u00e1 a cabo un multitudinario acto en honor a los Ex Combatientes de la Gesta de Malvinas. El evento fue presentado en el Sal\u00f3n de Acuerdos, este lunes 18 de marzo, en conferencia de prensa que tuvo la presencia del intendente municipal Mariano Hormaechea; el viceintendente Pedro Cassani (hijo); presidente del Centro de Ex Combatientes de Goya, Roque Zabala, Director de Malvinas Argentinas, Jos\u00e9 Galv\u00e1n y el organizador del evento, Juan Jos\u00e9 Fern\u00e1ndez Affur.<br><br>En la reuni\u00f3n informativa de esta ma\u00f1ana, el presidente del centro de Ex Combatientes de Malvinas, Roque Zabala dio la bienvenida y agradeci\u00f3 la oportunidad de presentar el evento.<br><br>Luego Fern\u00e1ndez Affur dio un detalle de c\u00f3mo se realizar\u00e1 el acto y el desfile, y la cena.<br><br>El acto se realizar\u00e1 el martes 2 de abril a las 18:30 horas, con punto de concentraci\u00f3n en las avenidas Mazzanti y Alem. Se dispondr\u00e1 de un vallado de 800 metros para garantizar la seguridad de los asistentes.<br><br>En el desfile participar\u00e1n 1.500 Ex Combatientes, 1.500 alumnos, soldados y representantes de la Polic\u00eda de la Provincia, Bomberos Voluntarios y Prefectura Naval. Adem\u00e1s, las Bandas de M\u00fasicas del Ej\u00e9rcito Argentino y de la Polic\u00eda de Corrientes engalanar\u00e1n el acto. Habr\u00e1 un palco para autoridades provinciales y municipales, y tribunas con capacidad para 5.000 personas.<br><br>La desconcentraci\u00f3n se realizar\u00e1 por la calle Salta, y posteriormente se llevar\u00e1 a cabo la ya tradicional cena en el predio Costa Surub\u00ed, Fern\u00e1ndez Affur destac\u00f3 que la experiencia del a\u00f1o pasado fue exitosa, con la participaci\u00f3n de m\u00e1s de 20 mil personas. El evento contar\u00e1 con la presencia del general de Brigada, Jorge Alberto Palaz\u00f3n Comandante la Divisi\u00f3n de Ej\u00e9rcito quien pasar\u00e1 revista a las tropas y saludar\u00e1 la bandera. Tambi\u00e9n se escuchar\u00e1n los discursos protocolares del presidente del Centro de Ex Combatientes, el intendente de Goya y el Gobernador.<br><br>La desconcentraci\u00f3n de ex combatientes ser\u00e1 por calle Paso de los Libres, y los ex combatientes ir\u00e1n caminando al Predio Costa Surub\u00ed. Se agrandar\u00e1 el sector de estacionamiento por avenida Alem. La variante es que todas las autoridades que vienen del Norte ingresar\u00e1n por Alem. El a\u00f1o pasado se ingresaba por otra calle.<br><br>Est\u00e1 a confirmar su participaci\u00f3n en el desfile, de la Gendarmer\u00eda Nacional. Tambi\u00e9n, desfilar\u00e1 un cuerpo de m\u00e9dicos y enfermeros. Una vez finalizado el desfile se realizar\u00e1 una cena para 4 mil personas. Affur destac\u00f3 que &#8220;como todos los a\u00f1os, esto es un esfuerzo que hace el Gobierno de la Provincia con el acuerdo de la Municipalidad de Goya en la parte log\u00edstica. La cena ser\u00e1 para ex combatientes; familiares; autoridades provinciales y municipales e invitados especiales. Habr\u00e1 una cantina a beneficio del Centro de Ex combatientes. Solo se podr\u00e1 participar con invitaci\u00f3n.<br><br>Affur coment\u00f3 que la experiencia del a\u00f1o pasado fue &#8220;buena porque respondi\u00f3 la Petit Par\u00eds y estuvieron m\u00e1s de 20 mil personas, tuvimos una reuni\u00f3n con distintas fuerzas y Municipalidad que van a participar, Se va a mantener lo mismo&#8221;.<br><br>Tambi\u00e9n Fern\u00e1ndez Affur, agreg\u00f3 que habl\u00f3 con la Ministra de Educaci\u00f3n, Pr\u00e1xedes L\u00f3pez quien le confirm\u00f3 que este a\u00f1o estar\u00e1 nuevamente a cargo del Director de Educaci\u00f3n F\u00edsica, Alejandro Simoni, de toda la organizaci\u00f3n de los colegios de la ciudad de Goya que participar\u00e1n en el desfile.<br><br>DIRECTOR GALVAN<br>Durante la conferencia de hoy, el director de Malvinas Argentinas, Jos\u00e9 Galv\u00e1n coment\u00f3 que solicit\u00f3 la confecci\u00f3n de mil placas con los nombres de los Ex Combatientes correntinos, las cuales ser\u00e1n colocadas en las entradas de sus casas.<br><br>Adem\u00e1s, anunci\u00f3 que un grupo de veteranos de guerra correntinos realizar\u00e1 un cuarto viaje a Malvinas del 12 al 19 de abril de este a\u00f1o.<br><br>INTENDENTE HORMAECHEA<br><\/p>\n\n\n\n<p>El jefe comunal de Goya, doctor Mariano Hormaechea expres\u00f3 su orgullo por recibir a los Ex Combatientes de toda la provincia y destac\u00f3 que la cuesti\u00f3n de Malvinas es una pol\u00edtica de Estado tanto a nivel provincial como municipal. Manifest\u00f3 que los goyanos, se sienten honrados de ser la sede permanente de este acto y del gran desfile que convoca a todos los Ex Combatientes. El gobierno municipal se pone a disposici\u00f3n del gobierno provincial para garantizar el \u00e9xito de este evento y conmemoraci\u00f3n.<br><br>Consider\u00f3 que &#8220;Es importante visibilizar y recordar lo que signific\u00f3 la Gesta de Malvinas&#8221; y este homenaje en Goya es una oportunidad para rendir tributo a todos aquellos que dieron su vida y su valent\u00eda en defensa de nuestra Patria&#8221;.<br><br>Coment\u00f3 que hab\u00eda tenido una reuni\u00f3n con todas las \u00e1reas involucradas solo el gabinete de la Municipalidad, sino que acompa\u00f1an otras fuerzas del Gobierno Provincial que se ponen a disposici\u00f3n para que este gran evento y desfile del 2 de abril salga como tiene que salir. &#8220;En t\u00e9rminos personales, soy clase 79 cuando fue lo de Malvinas era chico. Pero es un orgullo poder acompa\u00f1ar&#8221;, dijo.<br>&#8220;El 2 de abril vamos a estar acompa\u00f1\u00e1ndolos&#8221;, finaliz\u00f3.<br>Luego, se respondieron a distintas preguntas de los medios de prensa presentes. &#8211;<\/p>\n","protected":false},"excerpt":{"rendered":"<p>El pr\u00f3ximo martes 2 de abril se conmemoran 42 a\u00f1os de la Gesta de Malvinas, y la ciudad de Goya se prepara para rendir un emotivo homenaje a los Ex&hellip; <\/p>\n","protected":false},"author":8,"featured_media":133878,"comment_status":"closed","ping_status":"open","sticky":false,"template":"","format":"standard","meta":{"footnotes":""},"categories":[1658],"tags":[],"class_list":["post-133877","post","type-post","status-publish","format-standard","has-post-thumbnail","hentry","category-interior"],"_links":{"self":[{"href":"https:\/\/corrientesdetarde.com\/index.php\/wp-json\/wp\/v2\/posts\/133877","targetHints":{"allow":["GET"]}}],"collection":[{"href":"https:\/\/corrientesdetarde.com\/index.php\/wp-json\/wp\/v2\/posts"}],"about":[{"href":"https:\/\/corrientesdetarde.com\/index.php\/wp-json\/wp\/v2\/types\/post"}],"author":[{"embeddable":true,"href":"https:\/\/corrientesdetarde.com\/index.php\/wp-json\/wp\/v2\/users\/8"}],"replies":[{"embeddable":true,"href":"https:\/\/corrientesdetarde.com\/index.php\/wp-json\/wp\/v2\/comments?post=133877"}],"version-history":[{"count":1,"href":"https:\/\/corrientesdetarde.com\/index.php\/wp-json\/wp\/v2\/posts\/133877\/revisions"}],"predecessor-version":[{"id":133879,"href":"https:\/\/corrientesdetarde.com\/index.php\/wp-json\/wp\/v2\/posts\/133877\/revisions\/133879"}],"wp:featuredmedia":[{"embeddable":true,"href":"https:\/\/corrientesdetarde.com\/index.php\/wp-json\/wp\/v2\/media\/133878"}],"wp:attachment":[{"href":"https:\/\/corrientesdetarde.com\/index.php\/wp-json\/wp\/v2\/media?parent=133877"}],"wp:term":[{"taxonomy":"category","embeddable":true,"href":"https:\/\/corrientesdetarde.com\/index.php\/wp-json\/wp\/v2\/categories?post=133877"},{"taxonomy":"post_tag","embeddable":true,"href":"https:\/\/corrientesdetarde.com\/index.php\/wp-json\/wp\/v2\/tags?post=133877"}],"curies":[{"name":"wp","href":"https:\/\/api.w.org\/{rel}","templated":true}]}}