{"id":13393,"date":"2022-10-21T19:10:35","date_gmt":"2022-10-21T22:10:35","guid":{"rendered":"https:\/\/corrientesdetarde.com\/?p=13393"},"modified":"2022-10-21T19:10:39","modified_gmt":"2022-10-21T22:10:39","slug":"alejandro-fantino-se-caso-por-civil-con-coni-mosqueira-en-bahia-blanca","status":"publish","type":"post","link":"https:\/\/corrientesdetarde.com\/index.php\/espectaculos\/alejandro-fantino-se-caso-por-civil-con-coni-mosqueira-en-bahia-blanca\/","title":{"rendered":"Alejandro Fantino se cas\u00f3 por civil con Coni Mosqueira en Bah\u00eda Blanca"},"content":{"rendered":"\n<p>El conductor y periodista formaliz\u00f3 su relaci\u00f3n en la ciudad natal de su pareja, rodeados por sus amigos y seres queridos<\/p>\n\n\n\n<p>Este viernes,&nbsp;<strong>Alejandro Fantino<\/strong>&nbsp;y&nbsp;<strong>Coni Mosqueira<\/strong>&nbsp;se casaron por civil en Bah\u00eda Blanca (la tierra natal de la novia), acompa\u00f1ados por sus familiares y amigos. La ceremonia fue transmitida en vivo y en directo a trav\u00e9s de Neura, el canal de Twitch que tiene el conductor de&nbsp;<em>Animales Sueltos&nbsp;<\/em>(Am\u00e9rica).<\/p>\n\n\n\n<p>Para esta ocasi\u00f3n, el periodista luci\u00f3 un traje celeste mientras que la modelo opt\u00f3 por un vestido plateado corto y un blazer blanco. Los novios estaban muy contentos, en especial Fantino que cuando la jueza le pregunt\u00f3 si aceptaba convertirse en el esposo de Mosqueira, \u00e9l respondi\u00f3 de manera enf\u00e1tica:&nbsp;<strong>\u201c\u00a1Recontra acepto!\u201d.<\/strong><\/p>\n\n\n\n<p>La pareja se dio un apasionado beso y fueron aplaudidos por todos los presentes en el Registro Civil. Entre los invitados se encontraba el reconocido abogado\u00a0<strong>Mauricio D\u2019Alessandro<\/strong>\u00a0y su esposa,\u00a0<strong>Mariana Gallego.<\/strong>\u00a0Luego, los novios recibieron la libreta azul y posaron para los fot\u00f3grafos de diferentes medios que cubrieron el casamiento. El 12 de noviembre realizar\u00e1n una fiesta para celebrar que formalizaron la relaci\u00f3n con 200 invitados en una estancia ubicada en Ca\u00f1uelas.<\/p>\n\n\n\n<p>En julio pasado, Alejandro y Coni se comprometieron durante unas vacaciones en Santorini, Grecia, tras cuatro a\u00f1os de noviazgo. El conductor decidi\u00f3 hacerle la rom\u00e1ntica propuesta de casamiento: le hizo creer que ten\u00eda que grabar un video para un informe de su programa de la se\u00f1al de deportes ESPN, y ella tom\u00f3 su tel\u00e9fono, siguiendo al pie de la letra lo que su pareja le ped\u00eda.<\/p>\n\n\n\n<p>La modelo public\u00f3 el video en la red social de Instagram en la que tiene m\u00e1s de 100 mil seguidores. \u201cMe pidi\u00f3 que lo grabara para la apertura de un informe de ESPN sobre las aguas del mar Egeo, se looke\u00f3 todo, me hizo bajar a la playa, busc\u00f3 un lugar apartado, se arrodill\u00f3 en el agua, me hizo poner play y empez\u00f3 a hablar del amor y guerras en el mar\u201d, comenz\u00f3 Coni en el posteo.<\/p>\n\n\n\n<p>\u201cSumergi\u00f3 sus manos en el mar y salieron con un anillo\u201d, continu\u00f3 sobre las im\u00e1genes que se ven luego, en donde Alejandro improvisa el comienzo de un supuesto informe para su programa, y termina orquestando una rom\u00e1ntica propuesta de casamiento. Entusiasmada y emocionada, la modelo no pudo dejar de expresar su admiraci\u00f3n por su futuro esposo. \u201cFeliz es poco, me sorprende cada d\u00eda\u201d.<\/p>\n\n\n\n<p>Pero no todo sali\u00f3 como lo hab\u00eda planeado. \u201cMe puse nervioso, se me cay\u00f3 el anillo al agua\u201d, confes\u00f3 Alejandro en una entrevista con<em>\u00a0Intrusos,\u00a0<\/em>el ciclo de espect\u00e1culos conducido por\u00a0<strong>Flor de la V<\/strong>\u00a0que se emite por la pantalla de Am\u00e9rica. \u201cHab\u00edamos planeado irnos unos d\u00edas a Europa, y yo no conoc\u00eda esa Grecia. Conoc\u00eda Atenas, pero quer\u00eda conocer esas islas. Me llev\u00e9 en anillo, que lo hab\u00eda comprado en Buenos Aires y arm\u00e9 todo para que eso se d\u00e9 y se haga el pedido oficialmente\u201d, agreg\u00f3 Alejandro, muy emocionado.<\/p>\n\n\n\n<p>Cabe recordar que a fines de mayo, el conductor de\u00a0<em>Animales sueltos<\/em>\u00a0hab\u00eda brindado una \u00edntima entrevista en\u00a0<em>LAM<\/em>, el ciclo que conduce<strong>\u00a0\u00c1ngel de Brito<\/strong>\u00a0en\u00a0<strong>Am\u00e9rica<\/strong>, donde hab\u00eda deslizado la posibilidad de ser padre junto a su pareja. \u201cEstoy profundamente enamorado de Coni. Creo que en alg\u00fan momento llegar\u00e1 el beb\u00e9, no dentro de mucho tiempo. Me enamor\u00f3 su conexi\u00f3n con mi mundo desde la parte buena y no con la parte mala\u201d, hab\u00eda expresado.<\/p>\n\n\n\n<figure class=\"wp-block-image size-full\"><img loading=\"lazy\" decoding=\"async\" width=\"768\" height=\"512\" src=\"https:\/\/corrientesdetarde.com\/wp-content\/uploads\/2022\/10\/image-272.png\" alt=\"\" class=\"wp-image-13394\" srcset=\"https:\/\/corrientesdetarde.com\/wp-content\/uploads\/2022\/10\/image-272.png 768w, https:\/\/corrientesdetarde.com\/wp-content\/uploads\/2022\/10\/image-272-300x200.png 300w, https:\/\/corrientesdetarde.com\/wp-content\/uploads\/2022\/10\/image-272-272x182.png 272w\" sizes=\"auto, (max-width: 768px) 100vw, 768px\" \/><\/figure>\n","protected":false},"excerpt":{"rendered":"<p>El conductor y periodista formaliz\u00f3 su relaci\u00f3n en la ciudad natal de su pareja, rodeados por sus amigos y seres queridos Este viernes,&nbsp;Alejandro Fantino&nbsp;y&nbsp;Coni Mosqueira&nbsp;se casaron por civil en Bah\u00eda&hellip; <\/p>\n","protected":false},"author":8,"featured_media":13395,"comment_status":"closed","ping_status":"open","sticky":false,"template":"","format":"standard","meta":{"footnotes":""},"categories":[19],"tags":[],"class_list":["post-13393","post","type-post","status-publish","format-standard","has-post-thumbnail","hentry","category-espectaculos"],"_links":{"self":[{"href":"https:\/\/corrientesdetarde.com\/index.php\/wp-json\/wp\/v2\/posts\/13393","targetHints":{"allow":["GET"]}}],"collection":[{"href":"https:\/\/corrientesdetarde.com\/index.php\/wp-json\/wp\/v2\/posts"}],"about":[{"href":"https:\/\/corrientesdetarde.com\/index.php\/wp-json\/wp\/v2\/types\/post"}],"author":[{"embeddable":true,"href":"https:\/\/corrientesdetarde.com\/index.php\/wp-json\/wp\/v2\/users\/8"}],"replies":[{"embeddable":true,"href":"https:\/\/corrientesdetarde.com\/index.php\/wp-json\/wp\/v2\/comments?post=13393"}],"version-history":[{"count":1,"href":"https:\/\/corrientesdetarde.com\/index.php\/wp-json\/wp\/v2\/posts\/13393\/revisions"}],"predecessor-version":[{"id":13396,"href":"https:\/\/corrientesdetarde.com\/index.php\/wp-json\/wp\/v2\/posts\/13393\/revisions\/13396"}],"wp:featuredmedia":[{"embeddable":true,"href":"https:\/\/corrientesdetarde.com\/index.php\/wp-json\/wp\/v2\/media\/13395"}],"wp:attachment":[{"href":"https:\/\/corrientesdetarde.com\/index.php\/wp-json\/wp\/v2\/media?parent=13393"}],"wp:term":[{"taxonomy":"category","embeddable":true,"href":"https:\/\/corrientesdetarde.com\/index.php\/wp-json\/wp\/v2\/categories?post=13393"},{"taxonomy":"post_tag","embeddable":true,"href":"https:\/\/corrientesdetarde.com\/index.php\/wp-json\/wp\/v2\/tags?post=13393"}],"curies":[{"name":"wp","href":"https:\/\/api.w.org\/{rel}","templated":true}]}}