{"id":13397,"date":"2022-10-21T19:12:07","date_gmt":"2022-10-21T22:12:07","guid":{"rendered":"https:\/\/corrientesdetarde.com\/?p=13397"},"modified":"2022-10-21T19:12:11","modified_gmt":"2022-10-21T22:12:11","slug":"fernandez-aseguro-que-para-el-gobierno-la-salud-y-la-educacion-nunca-seran-un-gasto","status":"publish","type":"post","link":"https:\/\/corrientesdetarde.com\/index.php\/politica\/fernandez-aseguro-que-para-el-gobierno-la-salud-y-la-educacion-nunca-seran-un-gasto\/","title":{"rendered":"Fern\u00e1ndez asegur\u00f3 que para el Gobierno &#8220;la salud y la educaci\u00f3n nunca ser\u00e1n un gasto&#8221;"},"content":{"rendered":"\n<p><a href=\"javascript:void(0);\"><\/a>El Presidente encabez\u00f3 el acto de entrega de 344 ambulancias para todos los distritos del pa\u00eds en la planta Colcar junto a la ministra de Salud, Carla Vizzotti.\u00a0\u201cGarantizar la salud p\u00fablica es prioridad para el Gobierno\u201d, remarc\u00f3.<\/p>\n\n\n\n<p>El presidente Alberto Fern\u00e1ndez asegur\u00f3 que para el Gobierno \u201cla salud y la educaci\u00f3n nunca ser\u00e1n un gasto\u201d, y consider\u00f3 que \u201clos servicios\u201d que se ofrecen desde el Estado \u201cdeben federalizarse para llevar equidad y justicia social a todo el pa\u00eds&#8221;, al encabezar la entrega de 344 ambulancias para todos los distritos del pa\u00eds en la planta Colcar, ubicada en la localidad de Moreno junto a la ministra de Salud, Carla Vizzotti.<\/p>\n\n\n\n<p>El presidente Alberto Fern\u00e1ndez afirm\u00f3&nbsp; que \u201cgarantizar la salud p\u00fablica es prioridad para el Gobierno\u201d y asegur\u00f3 que el \u201cEstado tiene que estar presente&#8221;.<\/p>\n","protected":false},"excerpt":{"rendered":"<p>El Presidente encabez\u00f3 el acto de entrega de 344 ambulancias para todos los distritos del pa\u00eds en la planta Colcar junto a la ministra de Salud, Carla Vizzotti.\u00a0\u201cGarantizar la salud&hellip; <\/p>\n","protected":false},"author":8,"featured_media":13398,"comment_status":"closed","ping_status":"open","sticky":false,"template":"","format":"standard","meta":{"footnotes":""},"categories":[3],"tags":[],"class_list":["post-13397","post","type-post","status-publish","format-standard","has-post-thumbnail","hentry","category-politica"],"_links":{"self":[{"href":"https:\/\/corrientesdetarde.com\/index.php\/wp-json\/wp\/v2\/posts\/13397","targetHints":{"allow":["GET"]}}],"collection":[{"href":"https:\/\/corrientesdetarde.com\/index.php\/wp-json\/wp\/v2\/posts"}],"about":[{"href":"https:\/\/corrientesdetarde.com\/index.php\/wp-json\/wp\/v2\/types\/post"}],"author":[{"embeddable":true,"href":"https:\/\/corrientesdetarde.com\/index.php\/wp-json\/wp\/v2\/users\/8"}],"replies":[{"embeddable":true,"href":"https:\/\/corrientesdetarde.com\/index.php\/wp-json\/wp\/v2\/comments?post=13397"}],"version-history":[{"count":1,"href":"https:\/\/corrientesdetarde.com\/index.php\/wp-json\/wp\/v2\/posts\/13397\/revisions"}],"predecessor-version":[{"id":13399,"href":"https:\/\/corrientesdetarde.com\/index.php\/wp-json\/wp\/v2\/posts\/13397\/revisions\/13399"}],"wp:featuredmedia":[{"embeddable":true,"href":"https:\/\/corrientesdetarde.com\/index.php\/wp-json\/wp\/v2\/media\/13398"}],"wp:attachment":[{"href":"https:\/\/corrientesdetarde.com\/index.php\/wp-json\/wp\/v2\/media?parent=13397"}],"wp:term":[{"taxonomy":"category","embeddable":true,"href":"https:\/\/corrientesdetarde.com\/index.php\/wp-json\/wp\/v2\/categories?post=13397"},{"taxonomy":"post_tag","embeddable":true,"href":"https:\/\/corrientesdetarde.com\/index.php\/wp-json\/wp\/v2\/tags?post=13397"}],"curies":[{"name":"wp","href":"https:\/\/api.w.org\/{rel}","templated":true}]}}