{"id":13400,"date":"2022-10-21T19:16:15","date_gmt":"2022-10-21T22:16:15","guid":{"rendered":"https:\/\/corrientesdetarde.com\/?p=13400"},"modified":"2022-10-21T19:16:19","modified_gmt":"2022-10-21T22:16:19","slug":"judiciales-convocan-a-un-paro-para-mantener-el-privilegio-que-los-exime-de-pagar-ganancias","status":"publish","type":"post","link":"https:\/\/corrientesdetarde.com\/index.php\/nacionales\/judiciales-convocan-a-un-paro-para-mantener-el-privilegio-que-los-exime-de-pagar-ganancias\/","title":{"rendered":"Judiciales convocan a un paro para mantener el privilegio que los exime de pagar Ganancias"},"content":{"rendered":"\n<p>El oficialismo busca que el Poder Judicial comience a tributar Ganancias a partir del pr\u00f3ximo a\u00f1o y sumar 237 mil millones de pesos al Presupuesto.<\/p>\n\n\n\n<p>La Uni\u00f3n de Empleados de la Justicia de la Naci\u00f3n (UEJN) realizar\u00e1 el pr\u00f3ximo martes, 25 de octubre, un paro de 24 horas con movilizaci\u00f3n a la Corte Suprema de Justicia en la ciudad de Buenos Aires, en reclamo por la incorporaci\u00f3n de trabajadores judiciales al pago del Impuesto a las Ganancias.<\/p>\n\n\n\n<p>La Comisi\u00f3n Directiva de la UEJN resolvi\u00f3 &#8220;decretar un\u00a0paro nacional con movilizaci\u00f3n a partir de las 10 al Palacio de Justicia&#8221;, ubicado en Talcahuano 550 de la ciudad de Buenos Aires, difundi\u00f3 el gremio en un comunicado.<\/p>\n\n\n\n<p>El motivo de la convocatoria se debe a la&nbsp;&#8220;incorporaci\u00f3n de los trabajadores al r\u00e9gimen de &#8216;ganancias'&#8221;, al que calificaron como un &#8220;avance en diputados del acto confiscatorio del salario de los judiciales&#8221;.<\/p>\n\n\n\n<p>Adem\u00e1s, apuntaron que otro de los motivos fueron las &#8220;grav\u00edsimas declaraciones de un diputado oficialista&#8221;, en las que, el funcionario se manifest\u00f3 &#8220;cuestionando la independencia del Poder Judicial&#8221;.<\/p>\n\n\n\n<p>&#8220;Lo que demuestra su falta de respeto y apego a la Constituci\u00f3n Nacional, hecho inaceptable para un diputado de la Naci\u00f3n&#8221;, a\u00f1adieron.<\/p>\n\n\n\n<p>De esta manera, consideraron que &#8220;este nuevo ataque contra la Justicia no s\u00f3lo constituye un desfalco al castigado salario de los judiciales, sino que opera adem\u00e1s como cortina de humo para ocultar otros ajustes que se encuentran en el presupuesto&#8221;.<\/p>\n\n\n\n<p>A la vez, desde el gremio advirtieron que &#8220;si los legisladores ignoran tanto la Constituci\u00f3n Nacional, como la independencia del Poder Judicial y someten a nuestro pa\u00eds a la dependencia de los especuladores y usureros, nuestra Patria no tiene destino&#8221;.<\/p>\n\n\n\n<p>&#8220;Los trabajadores no generamos la crisis. La padecemos d\u00eda a d\u00eda, con la inflaci\u00f3n, tarifazos y corridas cambiarias que generan los especuladores. Si quieren justicia social, que la crisis la paguen los que la generaron&#8221;, se enfatiz\u00f3.<\/p>\n\n\n\n<p>Por \u00faltimo, argumentaron que &#8220;el salario de los trabajadores no es &#8216;ganancia'&#8221;&nbsp;y subrayaron que &#8220;lo defendimos y lo defenderemos con toda la fuerza y toda la convicci\u00f3n que defendemos a la justicia y la Patria&#8221;.<\/p>\n","protected":false},"excerpt":{"rendered":"<p>El oficialismo busca que el Poder Judicial comience a tributar Ganancias a partir del pr\u00f3ximo a\u00f1o y sumar 237 mil millones de pesos al Presupuesto. La Uni\u00f3n de Empleados de&hellip; <\/p>\n","protected":false},"author":8,"featured_media":13401,"comment_status":"closed","ping_status":"open","sticky":false,"template":"","format":"standard","meta":{"footnotes":""},"categories":[10],"tags":[],"class_list":["post-13400","post","type-post","status-publish","format-standard","has-post-thumbnail","hentry","category-nacionales"],"_links":{"self":[{"href":"https:\/\/corrientesdetarde.com\/index.php\/wp-json\/wp\/v2\/posts\/13400","targetHints":{"allow":["GET"]}}],"collection":[{"href":"https:\/\/corrientesdetarde.com\/index.php\/wp-json\/wp\/v2\/posts"}],"about":[{"href":"https:\/\/corrientesdetarde.com\/index.php\/wp-json\/wp\/v2\/types\/post"}],"author":[{"embeddable":true,"href":"https:\/\/corrientesdetarde.com\/index.php\/wp-json\/wp\/v2\/users\/8"}],"replies":[{"embeddable":true,"href":"https:\/\/corrientesdetarde.com\/index.php\/wp-json\/wp\/v2\/comments?post=13400"}],"version-history":[{"count":1,"href":"https:\/\/corrientesdetarde.com\/index.php\/wp-json\/wp\/v2\/posts\/13400\/revisions"}],"predecessor-version":[{"id":13402,"href":"https:\/\/corrientesdetarde.com\/index.php\/wp-json\/wp\/v2\/posts\/13400\/revisions\/13402"}],"wp:featuredmedia":[{"embeddable":true,"href":"https:\/\/corrientesdetarde.com\/index.php\/wp-json\/wp\/v2\/media\/13401"}],"wp:attachment":[{"href":"https:\/\/corrientesdetarde.com\/index.php\/wp-json\/wp\/v2\/media?parent=13400"}],"wp:term":[{"taxonomy":"category","embeddable":true,"href":"https:\/\/corrientesdetarde.com\/index.php\/wp-json\/wp\/v2\/categories?post=13400"},{"taxonomy":"post_tag","embeddable":true,"href":"https:\/\/corrientesdetarde.com\/index.php\/wp-json\/wp\/v2\/tags?post=13400"}],"curies":[{"name":"wp","href":"https:\/\/api.w.org\/{rel}","templated":true}]}}