{"id":13407,"date":"2022-10-21T21:16:15","date_gmt":"2022-10-22T00:16:15","guid":{"rendered":"https:\/\/corrientesdetarde.com\/?p=13407"},"modified":"2022-10-21T21:16:17","modified_gmt":"2022-10-22T00:16:17","slug":"el-vicegobernador-recibio-a-miembros-de-oajnu-corrientes","status":"publish","type":"post","link":"https:\/\/corrientesdetarde.com\/index.php\/locales\/el-vicegobernador-recibio-a-miembros-de-oajnu-corrientes\/","title":{"rendered":"El Vicegobernador recibi\u00f3 a miembros de OAJNU Corrientes"},"content":{"rendered":"\n<p>El vicegobernador, Pedro Braillard Poccard, recibi\u00f3 esta ma\u00f1ana a representantes de la Organizaci\u00f3n Argentina de J\u00f3venes para Naciones Unidas (OAJNU) en Corrientes. Dieron a conocer las actividades y proyectos que se realizan desde la sede a fin de evaluar posibles acciones y vinculaciones futuras en conjunto.<\/p>\n\n\n\n<p>Durante el encuentro Juan Carlos Ojeda, el director de la misma, coment\u00f3 que \u201cla sede Corrientes trabaja hace diez a\u00f1os con 30 voluntarios -entre 18 y 30 a\u00f1os- comprometidos con los j\u00f3venes y la educaci\u00f3n. Se promueve el trabajo en equipo, la oratoria y la resoluci\u00f3n de conflictos\u201d.<\/p>\n\n\n\n<p>A su turno, Braillard Poccard destac\u00f3 \u201cla importancia de la participaci\u00f3n de los j\u00f3venes en la pol\u00edtica y los inst\u00f3 a ser protagonistas e involucrarse en el Voto Joven, como en tantas iniciativas de las que pueden ser parte\u201d. Adem\u00e1s, brind\u00f3 su apoyo a los distintos programas que lleven a cabo.<\/p>\n\n\n\n<p>Una de las propuestas planteadas es la posibilidad de realizar en conjunto un Modelo de C\u00e1mara de Senadores en el a\u00f1o 2023, destinado a estudiantes universitarios de toda la provincia, con el apoyo de la C\u00e1mara de Senadores, ofreciendo el Recinto de la Legislatura como sede para llevar a cabo el mismo. Este proyecto no se lleva a cabo a\u00fan en la provincia de Corrientes.<\/p>\n\n\n\n<p>La Organizaci\u00f3n Argentina de J\u00f3venes para las Naciones Unidas (OAJNU) es una ONG sin fines de lucro, apartidaria y pluralista, compuesta en su totalidad por voluntarios de entre 18 y 30 a\u00f1os que trabajan en ocho provincias de Argentina: Buenos Aires, Chaco, C\u00f3rdoba, Corrientes, Mendoza, Rosario, Salta y Tucum\u00e1n. Su objetivo es generar proyectos de participaci\u00f3n ciudadana con perspectiva local, para construir una sociedad m\u00e1s inclusiva, democr\u00e1tica y promotora de derechos bas\u00e1ndose en la educaci\u00f3n como herramienta clave para conseguirlo.<\/p>\n\n\n\n<figure class=\"wp-block-image size-large\"><img loading=\"lazy\" decoding=\"async\" width=\"1024\" height=\"683\" src=\"https:\/\/corrientesdetarde.com\/wp-content\/uploads\/2022\/10\/WhatsApp-Image-2022-10-21-at-19.45.20-1024x683.jpeg\" alt=\"\" class=\"wp-image-13409\" srcset=\"https:\/\/corrientesdetarde.com\/wp-content\/uploads\/2022\/10\/WhatsApp-Image-2022-10-21-at-19.45.20-1024x683.jpeg 1024w, https:\/\/corrientesdetarde.com\/wp-content\/uploads\/2022\/10\/WhatsApp-Image-2022-10-21-at-19.45.20-300x200.jpeg 300w, https:\/\/corrientesdetarde.com\/wp-content\/uploads\/2022\/10\/WhatsApp-Image-2022-10-21-at-19.45.20-768x512.jpeg 768w, https:\/\/corrientesdetarde.com\/wp-content\/uploads\/2022\/10\/WhatsApp-Image-2022-10-21-at-19.45.20-1536x1024.jpeg 1536w, https:\/\/corrientesdetarde.com\/wp-content\/uploads\/2022\/10\/WhatsApp-Image-2022-10-21-at-19.45.20-272x182.jpeg 272w, https:\/\/corrientesdetarde.com\/wp-content\/uploads\/2022\/10\/WhatsApp-Image-2022-10-21-at-19.45.20.jpeg 1599w\" sizes=\"auto, (max-width: 1024px) 100vw, 1024px\" \/><\/figure>\n","protected":false},"excerpt":{"rendered":"<p>El vicegobernador, Pedro Braillard Poccard, recibi\u00f3 esta ma\u00f1ana a representantes de la Organizaci\u00f3n Argentina de J\u00f3venes para Naciones Unidas (OAJNU) en Corrientes. Dieron a conocer las actividades y proyectos que&hellip; <\/p>\n","protected":false},"author":1,"featured_media":13408,"comment_status":"closed","ping_status":"open","sticky":false,"template":"","format":"standard","meta":{"footnotes":""},"categories":[8],"tags":[],"class_list":["post-13407","post","type-post","status-publish","format-standard","has-post-thumbnail","hentry","category-locales"],"_links":{"self":[{"href":"https:\/\/corrientesdetarde.com\/index.php\/wp-json\/wp\/v2\/posts\/13407","targetHints":{"allow":["GET"]}}],"collection":[{"href":"https:\/\/corrientesdetarde.com\/index.php\/wp-json\/wp\/v2\/posts"}],"about":[{"href":"https:\/\/corrientesdetarde.com\/index.php\/wp-json\/wp\/v2\/types\/post"}],"author":[{"embeddable":true,"href":"https:\/\/corrientesdetarde.com\/index.php\/wp-json\/wp\/v2\/users\/1"}],"replies":[{"embeddable":true,"href":"https:\/\/corrientesdetarde.com\/index.php\/wp-json\/wp\/v2\/comments?post=13407"}],"version-history":[{"count":1,"href":"https:\/\/corrientesdetarde.com\/index.php\/wp-json\/wp\/v2\/posts\/13407\/revisions"}],"predecessor-version":[{"id":13410,"href":"https:\/\/corrientesdetarde.com\/index.php\/wp-json\/wp\/v2\/posts\/13407\/revisions\/13410"}],"wp:featuredmedia":[{"embeddable":true,"href":"https:\/\/corrientesdetarde.com\/index.php\/wp-json\/wp\/v2\/media\/13408"}],"wp:attachment":[{"href":"https:\/\/corrientesdetarde.com\/index.php\/wp-json\/wp\/v2\/media?parent=13407"}],"wp:term":[{"taxonomy":"category","embeddable":true,"href":"https:\/\/corrientesdetarde.com\/index.php\/wp-json\/wp\/v2\/categories?post=13407"},{"taxonomy":"post_tag","embeddable":true,"href":"https:\/\/corrientesdetarde.com\/index.php\/wp-json\/wp\/v2\/tags?post=13407"}],"curies":[{"name":"wp","href":"https:\/\/api.w.org\/{rel}","templated":true}]}}