{"id":13427,"date":"2022-10-21T23:28:09","date_gmt":"2022-10-22T02:28:09","guid":{"rendered":"https:\/\/corrientesdetarde.com\/?p=13427"},"modified":"2022-10-21T23:28:35","modified_gmt":"2022-10-22T02:28:35","slug":"el-profundo-posteo-de-jimena-baron-tras-el-lanzamiento-de-su-nueva-cancion-que-apuntaria-a-gianinna-maradona","status":"publish","type":"post","link":"https:\/\/corrientesdetarde.com\/index.php\/espectaculos\/el-profundo-posteo-de-jimena-baron-tras-el-lanzamiento-de-su-nueva-cancion-que-apuntaria-a-gianinna-maradona\/","title":{"rendered":"El profundo posteo de Jimena Bar\u00f3n tras el lanzamiento de su nueva canci\u00f3n que apuntar\u00eda a Gianinna Maradona"},"content":{"rendered":"\n<h4 class=\"wp-block-heading\">La cantante se refiri\u00f3 a su nuevo tema,<strong>\u00a0La Ara\u00f1a<\/strong>, que estar\u00eda dedicado al romance de su examiga con el padre de su hijo.<\/h4>\n\n\n\n<p><strong>Jimena Bar\u00f3n<\/strong>\u00a0retom\u00f3 su carrera musical con\u00a0una nueva canci\u00f3n,\u00a0<strong>La Ara\u00f1a<\/strong>, que estar\u00eda\u00a0<strong>dedicada a Gianinna Maradona<\/strong>, su examiga, quien\u00a0<strong>vivi\u00f3 un romance con el padre de su hijo, Daniel Osvaldo<\/strong>.<\/p>\n\n\n\n<p>A poquitos d\u00edas de que&nbsp;<strong>Daniel contara p\u00fablicamente que se separ\u00f3 de Gianina<\/strong>, Jime&nbsp;<strong>lanz\u00f3 la llamativa canci\u00f3n<\/strong>. Antes del estreno, en&nbsp;<strong>Socios del Espect\u00e1culo<\/strong>&nbsp;hab\u00edan adelantado que&nbsp;<strong>la letra estar\u00eda dedicada a Gianinna<\/strong>.<\/p>\n\n\n\n<p>&#8220;\u00bfY qui\u00e9n iba a pensar? \u00bfQui\u00e9n iba a imaginar?<strong>&nbsp;Que hab\u00eda otra raz\u00f3n por la ella me ped\u00eda que lo dejara. Yo lloraba y ella lo rob\u00f3<\/strong>\u201d, dice el estribillo de esta canci\u00f3n.<\/p>\n\n\n\n<p>A horas del estreno de La Ara\u00f1a, Jimena\u00a0<strong>hizo un profundo posteo en Instagram<\/strong>\u00a0en el cual cont\u00f3 que\u00a0<strong>necesitaba sacar todos los sentimientos que ten\u00eda acumulados<\/strong>\u00a0en el pecho desde hace dos a\u00f1os.<\/p>\n\n\n\n<figure class=\"wp-block-embed is-type-video is-provider-youtube wp-block-embed-youtube wp-embed-aspect-16-9 wp-has-aspect-ratio\"><div class=\"wp-block-embed__wrapper\">\n<iframe loading=\"lazy\" title=\"j mena - La Ara\u00f1a\" width=\"1110\" height=\"624\" src=\"https:\/\/www.youtube.com\/embed\/WWB5DaBToF8?feature=oembed\" frameborder=\"0\" allow=\"accelerometer; autoplay; clipboard-write; encrypted-media; gyroscope; picture-in-picture\" allowfullscreen><\/iframe>\n<\/div><\/figure>\n","protected":false},"excerpt":{"rendered":"<p>La cantante se refiri\u00f3 a su nuevo tema,\u00a0La Ara\u00f1a, que estar\u00eda dedicado al romance de su examiga con el padre de su hijo. Jimena Bar\u00f3n\u00a0retom\u00f3 su carrera musical con\u00a0una nueva&hellip; <\/p>\n","protected":false},"author":1,"featured_media":13428,"comment_status":"closed","ping_status":"open","sticky":false,"template":"","format":"standard","meta":{"footnotes":""},"categories":[19],"tags":[],"class_list":["post-13427","post","type-post","status-publish","format-standard","has-post-thumbnail","hentry","category-espectaculos"],"_links":{"self":[{"href":"https:\/\/corrientesdetarde.com\/index.php\/wp-json\/wp\/v2\/posts\/13427","targetHints":{"allow":["GET"]}}],"collection":[{"href":"https:\/\/corrientesdetarde.com\/index.php\/wp-json\/wp\/v2\/posts"}],"about":[{"href":"https:\/\/corrientesdetarde.com\/index.php\/wp-json\/wp\/v2\/types\/post"}],"author":[{"embeddable":true,"href":"https:\/\/corrientesdetarde.com\/index.php\/wp-json\/wp\/v2\/users\/1"}],"replies":[{"embeddable":true,"href":"https:\/\/corrientesdetarde.com\/index.php\/wp-json\/wp\/v2\/comments?post=13427"}],"version-history":[{"count":2,"href":"https:\/\/corrientesdetarde.com\/index.php\/wp-json\/wp\/v2\/posts\/13427\/revisions"}],"predecessor-version":[{"id":13430,"href":"https:\/\/corrientesdetarde.com\/index.php\/wp-json\/wp\/v2\/posts\/13427\/revisions\/13430"}],"wp:featuredmedia":[{"embeddable":true,"href":"https:\/\/corrientesdetarde.com\/index.php\/wp-json\/wp\/v2\/media\/13428"}],"wp:attachment":[{"href":"https:\/\/corrientesdetarde.com\/index.php\/wp-json\/wp\/v2\/media?parent=13427"}],"wp:term":[{"taxonomy":"category","embeddable":true,"href":"https:\/\/corrientesdetarde.com\/index.php\/wp-json\/wp\/v2\/categories?post=13427"},{"taxonomy":"post_tag","embeddable":true,"href":"https:\/\/corrientesdetarde.com\/index.php\/wp-json\/wp\/v2\/tags?post=13427"}],"curies":[{"name":"wp","href":"https:\/\/api.w.org\/{rel}","templated":true}]}}