{"id":134288,"date":"2024-03-20T21:41:06","date_gmt":"2024-03-21T00:41:06","guid":{"rendered":"https:\/\/corrientesdetarde.com\/?p=134288"},"modified":"2024-03-20T21:41:17","modified_gmt":"2024-03-21T00:41:17","slug":"demi-moore-saludo-a-bruce-willis-en-su-cumpleanos-y-mostro-como-transita-su-enfermedad","status":"publish","type":"post","link":"https:\/\/corrientesdetarde.com\/index.php\/espectaculos\/demi-moore-saludo-a-bruce-willis-en-su-cumpleanos-y-mostro-como-transita-su-enfermedad\/","title":{"rendered":"Demi Moore salud\u00f3 a Bruce Willis en su cumplea\u00f1os y mostr\u00f3 c\u00f3mo transita su enfermedad"},"content":{"rendered":"\n<p>El actor de 69 a\u00f1os fue diagnosticado con demencia frontotemporal.<\/p>\n\n\n\n<p><strong>Bruce Willis\u00a0<\/strong>cumpli\u00f3 69 a\u00f1os y su ex mujer, la actriz\u00a0<strong>Demi Moore<\/strong>, le dedic\u00f3 un tierno saludo. Pero adem\u00e1s mostr\u00f3 en una imagen c\u00f3mo se encuentra el actor transitando\u00a0su enfermedad.<\/p>\n\n\n\n<p><strong>\u201c\u00a1Feliz cumplea\u00f1os, BW! Te amamos y estamos muy agradecidos por vos\u201d<\/strong>, escribi\u00f3 la actriz, que estuvo casada con Bruce por 10 a\u00f1os, en los cuales tuvieron a sus tres hijas:\u00a0<strong>Tallulah Belle, Scout LaRue y Rumer Glenn<\/strong>.<\/p>\n\n\n\n<figure class=\"wp-block-image size-full\"><img loading=\"lazy\" decoding=\"async\" width=\"700\" height=\"423\" src=\"https:\/\/corrientesdetarde.com\/wp-content\/uploads\/2024\/03\/image-530.png\" alt=\"\" class=\"wp-image-134290\" srcset=\"https:\/\/corrientesdetarde.com\/wp-content\/uploads\/2024\/03\/image-530.png 700w, https:\/\/corrientesdetarde.com\/wp-content\/uploads\/2024\/03\/image-530-300x181.png 300w\" sizes=\"auto, (max-width: 700px) 100vw, 700px\" \/><\/figure>\n\n\n\n<p>En la imagen actual del actor se lo puede ver recostado en un sill\u00f3n, mientras su ex mujer lo toma de la mano. Pero Demi tambi\u00e9n comparti\u00f3 una foto en la que aparece Bruce con su nieta<strong>\u00a0Louetta<\/strong>, hija de Rumer Willis.<\/p>\n\n\n\n<figure class=\"wp-block-image size-full\"><img loading=\"lazy\" decoding=\"async\" width=\"703\" height=\"427\" src=\"https:\/\/corrientesdetarde.com\/wp-content\/uploads\/2024\/03\/image-531.png\" alt=\"\" class=\"wp-image-134291\" srcset=\"https:\/\/corrientesdetarde.com\/wp-content\/uploads\/2024\/03\/image-531.png 703w, https:\/\/corrientesdetarde.com\/wp-content\/uploads\/2024\/03\/image-531-300x182.png 300w\" sizes=\"auto, (max-width: 703px) 100vw, 703px\" \/><\/figure>\n\n\n\n<p>Desde que le diagnosticaron&nbsp;<strong>demencia frontotemporal<\/strong>, la familia del actor se mantuvo muy unida y dio muestras de afecto para con el protagonista de&nbsp;<em>Duro de Matar<\/em>. Willis se tuvo que retirar de la actuaci\u00f3n y pasa sus d\u00edas descansando en su casa con su familia y con el cuidado de los m\u00e9dicos.<\/p>\n\n\n\n<h4 class=\"wp-block-heading\">La enfermedad de Bruce Willis<\/h4>\n\n\n\n<p>El reconocido actor fue diagnosticado con demencia frontotemporal hace poco m\u00e1s de un a\u00f1o. Desde ese entonces, su familia se ocupa de acompa\u00f1arlo con paciencia y amor, teniendo en cuenta que no hay mucho m\u00e1s que puedan hacer:&nbsp;<strong>\u201cNo hay tratamientos para esta enfermedad, una realidad que esperamos que cambie en los pr\u00f3ximos a\u00f1os\u201d.<\/strong><\/p>\n\n\n\n<p><strong>\u201cEs duro para la persona diagnosticada. Tambi\u00e9n es dif\u00edcil para la familia.<\/strong>&nbsp;Y eso no es diferente para Bruce o para m\u00ed o para nuestras chicas. Cuando dicen que es una enfermedad familiar, realmente lo es\u201d, explic\u00f3&nbsp;<strong>Emma Heming<\/strong>, la actual mujer del actor.<\/p>\n\n\n\n<p>Muy conmovida, Emma reconoci\u00f3 que&nbsp;<strong>\u201ces dif\u00edcil saber si Bruce es consciente de lo que le sucede<\/strong>\u2026 Entender lo que estaba sucediendo, poder aceptar lo que es, no lo hace menos doloroso, pero el simple hecho de estar al tanto de lo que le est\u00e1 sucediendo a Bruce lo hace un poco m\u00e1s f\u00e1cil\u201d.<\/p>\n\n\n\n<p>En marzo de 2022, Bruce Willis se retir\u00f3 de la actuaci\u00f3n por padecer afasia. Sin embargo, un a\u00f1o despu\u00e9s le diagnosticaron demencia frontotemporal.<\/p>\n\n\n\n<p>El actor cuenta con la compa\u00f1\u00eda de su mujer, Emma Heming, sus dos hijas: Mabel, de 11 a\u00f1os, y Evelyn, de 9. Pero adem\u00e1s, est\u00e1n muy cerca suyo su ex Demi Moore y sus hijas: Rumer, de 35 a\u00f1os, Scout, de 32, y Tallulah, de 29.<\/p>\n\n\n\n<p><strong>La enfermedad que padece Willis no tiene cura<\/strong>. Es la tercera causa m\u00e1s frecuente de demencia neurodegenerativa, despu\u00e9s del alzh\u00e9imer y la demencia con cuerpos de Lewy. La familia consult\u00f3 con m\u00e9dicos especialistas y contrat\u00f3 un asistente personal para que lo acompa\u00f1e y ayude en todo momento.<\/p>\n","protected":false},"excerpt":{"rendered":"<p>El actor de 69 a\u00f1os fue diagnosticado con demencia frontotemporal. Bruce Willis\u00a0cumpli\u00f3 69 a\u00f1os y su ex mujer, la actriz\u00a0Demi Moore, le dedic\u00f3 un tierno saludo. Pero adem\u00e1s mostr\u00f3 en&hellip; <\/p>\n","protected":false},"author":4,"featured_media":134292,"comment_status":"closed","ping_status":"open","sticky":false,"template":"","format":"standard","meta":{"footnotes":""},"categories":[19],"tags":[],"class_list":["post-134288","post","type-post","status-publish","format-standard","has-post-thumbnail","hentry","category-espectaculos"],"_links":{"self":[{"href":"https:\/\/corrientesdetarde.com\/index.php\/wp-json\/wp\/v2\/posts\/134288","targetHints":{"allow":["GET"]}}],"collection":[{"href":"https:\/\/corrientesdetarde.com\/index.php\/wp-json\/wp\/v2\/posts"}],"about":[{"href":"https:\/\/corrientesdetarde.com\/index.php\/wp-json\/wp\/v2\/types\/post"}],"author":[{"embeddable":true,"href":"https:\/\/corrientesdetarde.com\/index.php\/wp-json\/wp\/v2\/users\/4"}],"replies":[{"embeddable":true,"href":"https:\/\/corrientesdetarde.com\/index.php\/wp-json\/wp\/v2\/comments?post=134288"}],"version-history":[{"count":1,"href":"https:\/\/corrientesdetarde.com\/index.php\/wp-json\/wp\/v2\/posts\/134288\/revisions"}],"predecessor-version":[{"id":134293,"href":"https:\/\/corrientesdetarde.com\/index.php\/wp-json\/wp\/v2\/posts\/134288\/revisions\/134293"}],"wp:featuredmedia":[{"embeddable":true,"href":"https:\/\/corrientesdetarde.com\/index.php\/wp-json\/wp\/v2\/media\/134292"}],"wp:attachment":[{"href":"https:\/\/corrientesdetarde.com\/index.php\/wp-json\/wp\/v2\/media?parent=134288"}],"wp:term":[{"taxonomy":"category","embeddable":true,"href":"https:\/\/corrientesdetarde.com\/index.php\/wp-json\/wp\/v2\/categories?post=134288"},{"taxonomy":"post_tag","embeddable":true,"href":"https:\/\/corrientesdetarde.com\/index.php\/wp-json\/wp\/v2\/tags?post=134288"}],"curies":[{"name":"wp","href":"https:\/\/api.w.org\/{rel}","templated":true}]}}