{"id":134297,"date":"2024-03-20T21:55:09","date_gmt":"2024-03-21T00:55:09","guid":{"rendered":"https:\/\/corrientesdetarde.com\/?p=134297"},"modified":"2024-03-20T21:55:21","modified_gmt":"2024-03-21T00:55:21","slug":"irlanda-renuncia-el-premier-leo-varadkar","status":"publish","type":"post","link":"https:\/\/corrientesdetarde.com\/index.php\/internacionales\/irlanda-renuncia-el-premier-leo-varadkar\/","title":{"rendered":"Irlanda: renuncia el premier, Leo Varadkar"},"content":{"rendered":"\n<p>Anunci\u00f3 que dejar\u00e1 el cargo apenas nombren a su sucesor.<\/p>\n\n\n\n<p><strong>El primer ministro de la Rep\u00fablica de Irlanda, Leo Varadkar<\/strong>, anunci\u00f3 este mi\u00e9rcoles que &nbsp;dimitir\u00e1 como l\u00edder del partido de forma inmediata y como Taoiseach (jefe de Gobierno) en cuanto se elija a su sucesor del partido Fine Gael.<\/p>\n\n\n\n<p><strong>&#8220;Una parte del liderazgo consiste en saber cu\u00e1ndo ha llegado el momento de pasar la batuta a alguien m\u00e1s y tener el valor de hacerlo&#8221;,&nbsp;<\/strong>escribi\u00f3 Varadkar en un comunicado.<br>Seg\u00fan el texto, del que se hizo eco la agencia de noticias Xinhua,&nbsp;<strong>\u201cese momento ha llegado\u201d&nbsp;<\/strong>para Varadkar.<\/p>\n\n\n\n<p><strong>&#8220;As\u00ed que dimito como presidente y l\u00edder del Fine Gael con efecto a partir de hoy y dimitir\u00e9 como Taoiseach tan pronto como mi sucesor pueda asumir ese cargo&#8221;,&nbsp;<\/strong>indic\u00f3.<\/p>\n\n\n\n<p>Esgrimi\u00f3&nbsp;<strong>razones &#8220;tanto personales como pol\u00edticas&#8221;&nbsp;<\/strong>para justificar su decisi\u00f3n.<\/p>\n\n\n\n<p><strong>Varadkar&nbsp;<\/strong>se\u00f1al\u00f3 que el Gobierno actual &#8220;podr\u00eda ser reelegido&#8221;, pero que \u00e9l ya no se sent\u00eda como &#8220;la mejor persona para el trabajo&#8221;.<\/p>\n\n\n\n<p><strong>Varadkar, de 45 a\u00f1os<\/strong>, lidera el partido Fine Gael desde 2017 y fue Taoiseach en dos ocasiones.&nbsp;<\/p>\n\n\n\n<p>Actualmente,&nbsp;<strong>lidera el Gobierno de coalici\u00f3n en Dubl\u00edn junto al partido Fianna Fail y el Partido Verde.<\/strong><\/p>\n\n\n\n<p><strong>En las elecciones generales irlandesas de 2020, el partido de Varadkar termin\u00f3 en tercer lugar en n\u00famero de esca\u00f1os en la Dail Eireann (Asamblea Irlandesa), la c\u00e1mara baja del Parlamento del pa\u00eds.<\/strong><\/p>\n\n\n\n<p><strong>Su dimisi\u00f3n tuvo lugar luego de la derrota del Gobierno&nbsp;irland\u00e9s en dos refer\u00e9ndums celebrados a principios de este mes.<\/strong><\/p>\n\n\n\n<p>Como parte del acuerdo de coalici\u00f3n alcanzado entre los&nbsp;partidos,&nbsp;<strong>Varadkar y Micheal Martin, del Fianna Fail, ocupar\u00edan el cargo de Taoiseach durante dos a\u00f1os cada uno<\/strong>.<\/p>\n\n\n\n<p><strong>En 2020, Martin fue nombrado Taoiseach y Varadkar fue su Tanaiste (vice primer ministro),&nbsp;<\/strong>antes de intercambiar sus funciones en 2022.<\/p>\n\n\n\n<p><strong>El Tanaiste Micheal Martin se mostr\u00f3 &#8220;muy sorprendido&#8221; por la dimisi\u00f3n de Varadkar.<\/strong><\/p>\n\n\n\n<p><strong>&#8220;Quiero aprovechar la oportunidad para darle las gracias sinceramente. Nos llev\u00e1bamos muy bien. Ten\u00edamos una fuerte relaci\u00f3n personal&#8230;&nbsp;<\/strong>que creo que era importante en t\u00e9rminos de continuidad y estabilidad del Gobierno&#8221;, agreg\u00f3 Martin.<\/p>\n","protected":false},"excerpt":{"rendered":"<p>Anunci\u00f3 que dejar\u00e1 el cargo apenas nombren a su sucesor. El primer ministro de la Rep\u00fablica de Irlanda, Leo Varadkar, anunci\u00f3 este mi\u00e9rcoles que &nbsp;dimitir\u00e1 como l\u00edder del partido de&hellip; <\/p>\n","protected":false},"author":4,"featured_media":134298,"comment_status":"closed","ping_status":"open","sticky":false,"template":"","format":"standard","meta":{"footnotes":""},"categories":[11],"tags":[],"class_list":["post-134297","post","type-post","status-publish","format-standard","has-post-thumbnail","hentry","category-internacionales"],"_links":{"self":[{"href":"https:\/\/corrientesdetarde.com\/index.php\/wp-json\/wp\/v2\/posts\/134297","targetHints":{"allow":["GET"]}}],"collection":[{"href":"https:\/\/corrientesdetarde.com\/index.php\/wp-json\/wp\/v2\/posts"}],"about":[{"href":"https:\/\/corrientesdetarde.com\/index.php\/wp-json\/wp\/v2\/types\/post"}],"author":[{"embeddable":true,"href":"https:\/\/corrientesdetarde.com\/index.php\/wp-json\/wp\/v2\/users\/4"}],"replies":[{"embeddable":true,"href":"https:\/\/corrientesdetarde.com\/index.php\/wp-json\/wp\/v2\/comments?post=134297"}],"version-history":[{"count":1,"href":"https:\/\/corrientesdetarde.com\/index.php\/wp-json\/wp\/v2\/posts\/134297\/revisions"}],"predecessor-version":[{"id":134299,"href":"https:\/\/corrientesdetarde.com\/index.php\/wp-json\/wp\/v2\/posts\/134297\/revisions\/134299"}],"wp:featuredmedia":[{"embeddable":true,"href":"https:\/\/corrientesdetarde.com\/index.php\/wp-json\/wp\/v2\/media\/134298"}],"wp:attachment":[{"href":"https:\/\/corrientesdetarde.com\/index.php\/wp-json\/wp\/v2\/media?parent=134297"}],"wp:term":[{"taxonomy":"category","embeddable":true,"href":"https:\/\/corrientesdetarde.com\/index.php\/wp-json\/wp\/v2\/categories?post=134297"},{"taxonomy":"post_tag","embeddable":true,"href":"https:\/\/corrientesdetarde.com\/index.php\/wp-json\/wp\/v2\/tags?post=134297"}],"curies":[{"name":"wp","href":"https:\/\/api.w.org\/{rel}","templated":true}]}}