{"id":134498,"date":"2024-03-21T16:52:31","date_gmt":"2024-03-21T19:52:31","guid":{"rendered":"https:\/\/corrientesdetarde.com\/?p=134498"},"modified":"2024-03-21T16:52:49","modified_gmt":"2024-03-21T19:52:49","slug":"en-su-mes-la-municipalidad-rinde-homenajesa-destacadas-mujeres-correntinas","status":"publish","type":"post","link":"https:\/\/corrientesdetarde.com\/index.php\/sociales\/en-su-mes-la-municipalidad-rinde-homenajesa-destacadas-mujeres-correntinas\/","title":{"rendered":"En su mes, la Municipalidad rinde homenajes a destacadas mujeres correntinas\u00a0"},"content":{"rendered":"\n<p><em>En el marco del Mes de la Mujer, la Municipalidad de Corrientes desarrolla m\u00faltiples actividades para homenajearlas. Entre ellas, ayer se realiz\u00f3 un Tributo a las Benefactoras de la Ciudad en el recinto del Concejo Deliberante, y una charla y entrega de reconocimientos bajo el t\u00edtulo \u201cRol femenino de la familia del General San Mart\u00edn\u201d en el museo Casa Molinas.&nbsp;<\/em><\/p>\n\n\n\n<p><\/p>\n\n\n\n<p><br>En el marco de la propuesta que hace a\u00f1os desarrolla la Municipalidad denominado Ciclo de Conferencias de la Ciudad, se realiz\u00f3 un Tributo a las Benefactoras de la Ciudad en el recinto de sesiones del Concejo Deliberante capitalino. Paralelamente, en el museo Casa Molinas, tuvo lugar una charla y entrega de reconocimientos bajo el t\u00edtulo \u201cRol femenino de la familia del General San Mart\u00edn\u201d. Ambos encuentros forman parte de las actividades que la Comuna viene desarrollando por el Mes de la Mujer.<br><br>El secretario de Cultura y Educaci\u00f3n del municipio, Jos\u00e9 Sand, coment\u00f3 que con la conferencia en el Concejo Deliberante \u201cbuscamos poner en valor a mujeres correntinas que hicieron historia, a quienes han tenido una mirada mucho m\u00e1s all\u00e1 de la \u00e9poca donde les toc\u00f3 desarrollarse. Mujeres que han marcado un rumbo y dejaron huellas\u201d.<br><br>En tanto sobre la actividad en Casa Molinas, Sand se\u00f1al\u00f3: \u201cQuisimos reconocer a mujeres de la historia, con el auspicio del Instituto Sanmartiniano y el acompa\u00f1amiento de la Junta de Historia de la Provincia. Es un trabajo coordinado que venimos llevando adelante y se va a desarrollar durante todo el a\u00f1o\u201d.<br><br>\u201cEs importante conocer un poco m\u00e1s de la historia nuestra; saber de d\u00f3nde venimos, pero sobre todo tambi\u00e9n conocer la historia de algunos lugares o las personalidades que son resonantes en la \u00e9poca. Y que hoy tambi\u00e9n son una gu\u00eda para lo que se viene. Imitar a estas grandes personalidades para seguir forjando nuestra ciudad, nuestra provincia\u201d, sintetiz\u00f3 el funcionario.<br><br>Las mujeres homenajeadas y recordadas en el recinto deliberativo fueron Luisa Pujol de Gallino, Juana Francisca Cabral y Eloisa Torrent de Vidal. Para ello, se cont\u00f3 con las disertaciones de la licenciada Noelia Manzino, la doctora Mar\u00eda del Mar Sol\u00eds Carnicer y la profesora Cinthia Romero.<br><br>\u201cEl panel trat\u00f3 de rescatar la vida de tres mujeres que fueron benefactoras de la ciudad de Corrientes desde fines del siglo XIX y principios del siglo XX; a m\u00ed me toc\u00f3 retratar un poco la vida de Eloisa Torrent de Vidal, esposa de un destacado dirigente pol\u00edtico que fue dos veces gobernador de la provincia, y fue una mujer que brill\u00f3 con luz propia, ejerciendo much\u00edsima influencia en la pol\u00edtica de Corrientes\u201d, coment\u00f3 Sol\u00eds Carnicer.<br><br>MUJERES SANMARTINIANAS<br><br>En el museo Casa Molinas, el subsecretario de Desarrollo y Producci\u00f3n Cultural municipal, Federico Maceri, destac\u00f3 que \u201cnos sentimos honrados con la presencia de las mujeres sanmartinianas integrantes de esta gran instituci\u00f3n. Particularmente, esta actividad tiene que ver con el rol femenino en la vida de San Mart\u00edn. Con esta charla venimos de alguna manera a continuar con las pol\u00edticas que tienen que ver con el g\u00e9nero, con la diversidad y tambi\u00e9n a generar ese v\u00ednculo, ese eslab\u00f3n de igualdad y de justicia con la historia en la cultura\u201d, expres\u00f3.<br><br>Por su parte, la directora de Espacios Culturales Independientes de la Municipalidad, Marisa Duarte, se\u00f1al\u00f3 que \u201cdistinguimos a mujeres sanmartinianas que marcan su impronta al servicio social y comunitario de la ciudad\u201d.<br><br>Las mujeres disertantes y reconocidas por el municipio fueron: las licenciadas Susana Ogawa, Evangelina Zacar\u00edas, Sonia Osorio y Claudia Bizarro, quienes \u201cdestacaron diferentes roles tanto de la hija, la esposa y descendientes del General San Mart\u00edn\u201d.<br><br>El encuentro culmin\u00f3 con un espect\u00e1culo de baile a cargo de Eldy Dom\u00ednguez, \u00a0en narraci\u00f3n Esther S\u00e1nchez y show de baile con la pareja integrada por Marisel Ram\u00edrez y Cristhian Garicoche.<img decoding=\"async\" src=\"https:\/\/mcusercontent.com\/18ec154282a0ecffdb669586d\/images\/53af0281-b732-417c-8e28-38ec65cbfaef.jpeg\"><\/p>\n\n\n\n<figure class=\"wp-block-image size-large\"><img loading=\"lazy\" decoding=\"async\" width=\"1024\" height=\"682\" src=\"https:\/\/corrientesdetarde.com\/wp-content\/uploads\/2024\/03\/image-552-1024x682.png\" alt=\"\" class=\"wp-image-134499\" srcset=\"https:\/\/corrientesdetarde.com\/wp-content\/uploads\/2024\/03\/image-552-1024x682.png 1024w, https:\/\/corrientesdetarde.com\/wp-content\/uploads\/2024\/03\/image-552-300x200.png 300w, https:\/\/corrientesdetarde.com\/wp-content\/uploads\/2024\/03\/image-552-768x512.png 768w, https:\/\/corrientesdetarde.com\/wp-content\/uploads\/2024\/03\/image-552.png 1280w\" sizes=\"auto, (max-width: 1024px) 100vw, 1024px\" \/><\/figure>\n\n\n\n<figure class=\"wp-block-embed is-type-video is-provider-youtube wp-block-embed-youtube wp-embed-aspect-16-9 wp-has-aspect-ratio\"><div class=\"wp-block-embed__wrapper\">\n<iframe loading=\"lazy\" title=\"En su mes, la Municipalidad rinde homenajes a destacadas mujeres correntinas\" width=\"1110\" height=\"624\" src=\"https:\/\/www.youtube.com\/embed\/a-XNre6-nX0?feature=oembed\" frameborder=\"0\" allow=\"accelerometer; autoplay; clipboard-write; encrypted-media; gyroscope; picture-in-picture; web-share\" allowfullscreen><\/iframe>\n<\/div><\/figure>\n","protected":false},"excerpt":{"rendered":"<p>En el marco del Mes de la Mujer, la Municipalidad de Corrientes desarrolla m\u00faltiples actividades para homenajearlas. Entre ellas, ayer se realiz\u00f3 un Tributo a las Benefactoras de la Ciudad&hellip; <\/p>\n","protected":false},"author":1,"featured_media":134500,"comment_status":"closed","ping_status":"open","sticky":false,"template":"","format":"standard","meta":{"footnotes":""},"categories":[17],"tags":[],"class_list":["post-134498","post","type-post","status-publish","format-standard","has-post-thumbnail","hentry","category-sociales"],"_links":{"self":[{"href":"https:\/\/corrientesdetarde.com\/index.php\/wp-json\/wp\/v2\/posts\/134498","targetHints":{"allow":["GET"]}}],"collection":[{"href":"https:\/\/corrientesdetarde.com\/index.php\/wp-json\/wp\/v2\/posts"}],"about":[{"href":"https:\/\/corrientesdetarde.com\/index.php\/wp-json\/wp\/v2\/types\/post"}],"author":[{"embeddable":true,"href":"https:\/\/corrientesdetarde.com\/index.php\/wp-json\/wp\/v2\/users\/1"}],"replies":[{"embeddable":true,"href":"https:\/\/corrientesdetarde.com\/index.php\/wp-json\/wp\/v2\/comments?post=134498"}],"version-history":[{"count":2,"href":"https:\/\/corrientesdetarde.com\/index.php\/wp-json\/wp\/v2\/posts\/134498\/revisions"}],"predecessor-version":[{"id":134502,"href":"https:\/\/corrientesdetarde.com\/index.php\/wp-json\/wp\/v2\/posts\/134498\/revisions\/134502"}],"wp:featuredmedia":[{"embeddable":true,"href":"https:\/\/corrientesdetarde.com\/index.php\/wp-json\/wp\/v2\/media\/134500"}],"wp:attachment":[{"href":"https:\/\/corrientesdetarde.com\/index.php\/wp-json\/wp\/v2\/media?parent=134498"}],"wp:term":[{"taxonomy":"category","embeddable":true,"href":"https:\/\/corrientesdetarde.com\/index.php\/wp-json\/wp\/v2\/categories?post=134498"},{"taxonomy":"post_tag","embeddable":true,"href":"https:\/\/corrientesdetarde.com\/index.php\/wp-json\/wp\/v2\/tags?post=134498"}],"curies":[{"name":"wp","href":"https:\/\/api.w.org\/{rel}","templated":true}]}}