{"id":134509,"date":"2024-03-21T18:25:19","date_gmt":"2024-03-21T21:25:19","guid":{"rendered":"https:\/\/corrientesdetarde.com\/?p=134509"},"modified":"2024-03-21T18:26:59","modified_gmt":"2024-03-21T21:26:59","slug":"archivaron-la-causa-por-la-muerte-de-natacha-jaitt","status":"publish","type":"post","link":"https:\/\/corrientesdetarde.com\/index.php\/crimen-y-justicia\/archivaron-la-causa-por-la-muerte-de-natacha-jaitt\/","title":{"rendered":"Archivaron la causa por la muerte de Natacha Jaitt"},"content":{"rendered":"\n<h2 class=\"wp-block-heading\"><\/h2>\n\n\n\n<p>Luego de a\u00f1os de investigaci\u00f3n, la Justicia de\u00a0<strong>San Isidro<\/strong>\u00a0decidi\u00f3\u00a0<strong>archivar la causa<\/strong>\u00a0que investiga la muerte de\u00a0<strong>Natacha Jaitt<\/strong>, seg\u00fan informaron fuentes del caso. Hay que recordar que la modelo y figura medi\u00e1tica hab\u00eda fallecido el 23 de febrero de 2019 tras un encuentro de negocios en el sal\u00f3n de fiestas\u00a0<em>Xanad\u00fa\u00a0<\/em>de Tigre.<\/p>\n\n\n\n<p>El escrito en el cual se tom\u00f3 la decisi\u00f3n de culminar la causa fue firmado este jueves por la tarde por&nbsp;<strong>Mart\u00edn Otero<\/strong>&nbsp;y&nbsp;<strong>Lida Osores Soler<\/strong>, los nuevos fiscales que asumieron en el expediente a finales del a\u00f1o pasado. Esto quiere decir que, para la Justicia, luego de la revisi\u00f3n de cinco fiscales y distintos jueces,&nbsp;<strong>no existi\u00f3 ning\u00fan delito alrededor del fallecimiento de la medi\u00e1tica<\/strong>.<\/p>\n\n\n\n<p><strong>En otras palabras, la muerte se produjo sin la intervenci\u00f3n de un tercero<\/strong>. Las fuentes consultadas por este medio dijeron que<strong>&nbsp;hay instancia de apelaci\u00f3n.<\/strong><\/p>\n\n\n\n<p>\u201cEs dable mencionar que en el marco de la presente se han peritado distintos aparatos tecnol\u00f3gicos de comunicaci\u00f3n, entre ellos el tel\u00e9fono celular y dispositivo electr\u00f3nico IPad pertenecientes a la v\u00edctima de autos,&nbsp;<strong>sin que el resultado de las mismas hayan aportado elementos que alimenten una hip\u00f3tesis delictiva respecto al deceso de la Sra. Jaitt\u201d<\/strong>, se\u00f1ala el documento de 11 p\u00e1ginas al que pudo acceder este medio.<\/p>\n\n\n\n<p>Y sigue: \u201cMisma conclusi\u00f3n a la que puede arribarse con relaci\u00f3n al resultado que arrojaron las&nbsp;<strong>restantes diligencias probatorias y medidas investigativas<\/strong>&nbsp;desplegadas durante el transcurso de la investigaci\u00f3n\u201d.<\/p>\n\n\n\n<p>Cabe recordar que la causa en cuesti\u00f3n comenz\u00f3 con la participaci\u00f3n de los&nbsp;<strong>fiscales Cosme Iribarre, Sebasti\u00e1n Fitipaldi y Diego Calegari<\/strong>. Los investigadores, durante a\u00f1os, abordaron las distintas hip\u00f3tesis posibles y ninguna prosper\u00f3. De todas formas, en los \u00faltimos meses, los tres fiscales decidieron correrse de la investigaci\u00f3n y asumieron sus colegas Otero y&nbsp;<strong>Osores Soler<\/strong>&nbsp;que, luego de revisar el expediente,&nbsp;<strong>decidieron ahora su archivo<\/strong>.<\/p>\n\n\n\n<p>En casi la totalidad del escrito fechado el d\u00eda de hoy, los fiscales repasan las pruebas recolectadas. Es decir,&nbsp;<strong>testimonios, pericias tecnol\u00f3gicas, la autopsia, registro de c\u00e1maras de seguridad, los documentos emitidos por la junta m\u00e9dica que analizo las circunstancias y dem\u00e1s<\/strong>.<\/p>\n\n\n\n<p><img loading=\"lazy\" decoding=\"async\" alt=\"Xanad\u00fa, el lugar donde muri\u00f3 la medi\u00e1tica\" height=\"1080\" width=\"1920\" class=\"\" src=\"https:\/\/www.infobae.com\/new-resizer\/aWOuLSfmxz63Gwe8HEKdP_re-40=\/420x236\/filters:format(webp):quality(85)\/cloudfront-us-east-1.images.arcpublishing.com\/infobae\/ZSVCTRB2QRHT5I43QWEV5IKX7Y.jpeg%20420w\" srcset=\"https:\/\/www.infobae.com\/new-resizer\/aWOuLSfmxz63Gwe8HEKdP_re-40=\/420x236\/filters:format(webp):quality(85)\/cloudfront-us-east-1.images.arcpublishing.com\/infobae\/ZSVCTRB2QRHT5I43QWEV5IKX7Y.jpeg 420w,https:\/\/www.infobae.com\/new-resizer\/MJaefEdwYUZCCmMOjE-3atdcUMk=\/768x432\/filters:format(webp):quality(85)\/cloudfront-us-east-1.images.arcpublishing.com\/infobae\/ZSVCTRB2QRHT5I43QWEV5IKX7Y.jpeg 768w,https:\/\/www.infobae.com\/new-resizer\/IqG7xLC5FIYG1fgyQeM58JSgfwk=\/992x558\/filters:format(webp):quality(85)\/cloudfront-us-east-1.images.arcpublishing.com\/infobae\/ZSVCTRB2QRHT5I43QWEV5IKX7Y.jpeg 992w,https:\/\/www.infobae.com\/new-resizer\/C_mhOX9nWw0DXgMkgFm9n-4q6r8=\/1200x675\/filters:format(webp):quality(85)\/cloudfront-us-east-1.images.arcpublishing.com\/infobae\/ZSVCTRB2QRHT5I43QWEV5IKX7Y.jpeg 1200w,https:\/\/www.infobae.com\/new-resizer\/5innGbu_BgnU5dV7vJM28EzM9G8=\/1440x810\/filters:format(webp):quality(85)\/cloudfront-us-east-1.images.arcpublishing.com\/infobae\/ZSVCTRB2QRHT5I43QWEV5IKX7Y.jpeg 1440w\">Xanad\u00fa, el lugar donde muri\u00f3 la medi\u00e1tica<\/p>\n\n\n\n<p>La conclusi\u00f3n a la que llegaron Otero y Osores Soler es la misma a la que hab\u00edan arribado los otros fiscales:&nbsp;<strong>no hubo ning\u00fan delito<\/strong>.<\/p>\n\n\n\n<h2 class=\"wp-block-heading\">C\u00f3mo muri\u00f3, seg\u00fan la Justicia<\/h2>\n\n\n\n<p>Jaitt&nbsp;falleci\u00f3 en la madrugada del&nbsp;23 de febrero de 2019. A la 1 de la ma\u00f1ana, la modelo se tendi\u00f3 en la cama de una de las habitaciones del complejo de eventos<strong>&nbsp;Xanad\u00fa&nbsp;<\/strong>de<strong>&nbsp;Villa La \u00d1ata<\/strong>, zona de Tigre.&nbsp;Nunca m\u00e1s despert\u00f3. Hab\u00eda llegado a ese lugar para mantener&nbsp;una reuni\u00f3n laboral&nbsp;con un grupo de personas. L<strong>a convicci\u00f3n, por parte de la Justicia, siempre fue que&nbsp;la muerte fue producto de una sobredosis de coca\u00edna, no de un crimen.<\/strong><\/p>\n\n\n\n<p>El sal\u00f3n&nbsp;<em>Xanad\u00fa&nbsp;<\/em>era propiedad del empresario&nbsp;<strong>Guillermo Gonzalo Rigoni<\/strong>, que estaba presente esa noche junto a dos de sus amigos, el empresario&nbsp;<strong>Gaspar Esteban Fonolla<\/strong>&nbsp;y el electricista&nbsp;<strong>Gustavo Andr\u00e9s \u201cVoltio\u201d Bartol\u00edn<\/strong>. Tambi\u00e9n se encontraba en el lugar&nbsp;<strong>Ra\u00fal de Jes\u00fas Velaztiqui Duarte<\/strong>, que ten\u00eda alg\u00fan tipo de amistad con Natacha, y una joven que viv\u00eda en la zona llamada&nbsp;<strong>Luana.<\/strong><\/p>\n\n\n\n<p><img loading=\"lazy\" decoding=\"async\" alt=\"Jaitt falleci\u00f3 en la madrugada del 23 de febrero de 2019\" height=\"1080\" width=\"1920\" class=\"\" src=\"https:\/\/www.infobae.com\/new-resizer\/tUfYzSx8t5R_fRCzILq4ff8k0Ow=\/420x236\/filters:format(webp):quality(85)\/cloudfront-us-east-1.images.arcpublishing.com\/infobae\/VNS7WUKOKNEGTNIVHENSSGSIR4.jpg%20420w\" srcset=\"https:\/\/www.infobae.com\/new-resizer\/tUfYzSx8t5R_fRCzILq4ff8k0Ow=\/420x236\/filters:format(webp):quality(85)\/cloudfront-us-east-1.images.arcpublishing.com\/infobae\/VNS7WUKOKNEGTNIVHENSSGSIR4.jpg 420w,https:\/\/www.infobae.com\/new-resizer\/HzVOYzj_iZ48wVqjXHohmDcGx1Y=\/768x432\/filters:format(webp):quality(85)\/cloudfront-us-east-1.images.arcpublishing.com\/infobae\/VNS7WUKOKNEGTNIVHENSSGSIR4.jpg 768w,https:\/\/www.infobae.com\/new-resizer\/GRuMElB69FrFen6bFJKtSWnNm-k=\/992x558\/filters:format(webp):quality(85)\/cloudfront-us-east-1.images.arcpublishing.com\/infobae\/VNS7WUKOKNEGTNIVHENSSGSIR4.jpg 992w,https:\/\/www.infobae.com\/new-resizer\/wAvW5XlwXHKWvsNexclk-MbqglY=\/1200x675\/filters:format(webp):quality(85)\/cloudfront-us-east-1.images.arcpublishing.com\/infobae\/VNS7WUKOKNEGTNIVHENSSGSIR4.jpg 1200w,https:\/\/www.infobae.com\/new-resizer\/Uq5UfIE8rMi58EAlRO5N5n88vfw=\/1440x810\/filters:format(webp):quality(85)\/cloudfront-us-east-1.images.arcpublishing.com\/infobae\/VNS7WUKOKNEGTNIVHENSSGSIR4.jpg 1440w\">Jaitt falleci\u00f3 en la madrugada del 23 de febrero de 2019<\/p>\n\n\n\n<p>En los testimonios posteriores, casi todos coincidieron en que&nbsp;<strong>se trataba de un encuentro laboral<\/strong>&nbsp;y que hab\u00edan&nbsp;<strong>tomado alcohol<\/strong>&nbsp;hasta las primeras horas del d\u00eda siguiente. Varios contaron que, adem\u00e1s,&nbsp;<strong>se consumi\u00f3 coca\u00edna.<\/strong><\/p>\n\n\n\n<p>Seg\u00fan el expediente,&nbsp;<strong>a la 1:49 del 23 de febrero<\/strong>, lleg\u00f3 al 911 un llamado proveniente del complejo de eventos, avisando que en el interior&nbsp;<strong>hab\u00eda una persona \u201cdesvanecida\u201d<\/strong>. Aclararon que la modelo estaba sobre la cama de una de las habitaciones.&nbsp;<strong>Cuando los efectivos llegaron al lugar se encontraron con Natacha desnuda y, para ese momento, ya sin vida.<\/strong><\/p>\n","protected":false},"excerpt":{"rendered":"<p>Luego de a\u00f1os de investigaci\u00f3n, la Justicia de\u00a0San Isidro\u00a0decidi\u00f3\u00a0archivar la causa\u00a0que investiga la muerte de\u00a0Natacha Jaitt, seg\u00fan informaron fuentes del caso. Hay que recordar que la modelo y figura medi\u00e1tica&hellip; <\/p>\n","protected":false},"author":1,"featured_media":134516,"comment_status":"closed","ping_status":"open","sticky":false,"template":"","format":"standard","meta":{"footnotes":""},"categories":[5],"tags":[],"class_list":["post-134509","post","type-post","status-publish","format-standard","has-post-thumbnail","hentry","category-crimen-y-justicia"],"_links":{"self":[{"href":"https:\/\/corrientesdetarde.com\/index.php\/wp-json\/wp\/v2\/posts\/134509","targetHints":{"allow":["GET"]}}],"collection":[{"href":"https:\/\/corrientesdetarde.com\/index.php\/wp-json\/wp\/v2\/posts"}],"about":[{"href":"https:\/\/corrientesdetarde.com\/index.php\/wp-json\/wp\/v2\/types\/post"}],"author":[{"embeddable":true,"href":"https:\/\/corrientesdetarde.com\/index.php\/wp-json\/wp\/v2\/users\/1"}],"replies":[{"embeddable":true,"href":"https:\/\/corrientesdetarde.com\/index.php\/wp-json\/wp\/v2\/comments?post=134509"}],"version-history":[{"count":3,"href":"https:\/\/corrientesdetarde.com\/index.php\/wp-json\/wp\/v2\/posts\/134509\/revisions"}],"predecessor-version":[{"id":134519,"href":"https:\/\/corrientesdetarde.com\/index.php\/wp-json\/wp\/v2\/posts\/134509\/revisions\/134519"}],"wp:featuredmedia":[{"embeddable":true,"href":"https:\/\/corrientesdetarde.com\/index.php\/wp-json\/wp\/v2\/media\/134516"}],"wp:attachment":[{"href":"https:\/\/corrientesdetarde.com\/index.php\/wp-json\/wp\/v2\/media?parent=134509"}],"wp:term":[{"taxonomy":"category","embeddable":true,"href":"https:\/\/corrientesdetarde.com\/index.php\/wp-json\/wp\/v2\/categories?post=134509"},{"taxonomy":"post_tag","embeddable":true,"href":"https:\/\/corrientesdetarde.com\/index.php\/wp-json\/wp\/v2\/tags?post=134509"}],"curies":[{"name":"wp","href":"https:\/\/api.w.org\/{rel}","templated":true}]}}