{"id":13451,"date":"2022-10-22T08:47:29","date_gmt":"2022-10-22T11:47:29","guid":{"rendered":"https:\/\/corrientesdetarde.com\/?p=13451"},"modified":"2022-10-22T08:47:33","modified_gmt":"2022-10-22T11:47:33","slug":"corrientes-a-la-luz-de-las-artes-en-la-noche-de-los-museos","status":"publish","type":"post","link":"https:\/\/corrientesdetarde.com\/index.php\/cultura\/corrientes-a-la-luz-de-las-artes-en-la-noche-de-los-museos\/","title":{"rendered":"Corrientes a la luz de las artes en la Noche de los Museos"},"content":{"rendered":"\n<p>Desde el atardecer de hoy, la ciudad se inundar\u00e1 de propuestas art\u00edsticas en los distintos espacios culturales. Exposiciones, conciertos, espect\u00e1culos coreogr\u00e1ficos, teatro y comidas t\u00edpicas son algunas de las ofertas para disfrutar hoy.<\/p>\n\n\n\n<p>M\u00fasica, danza, artes pl\u00e1sticas, t\u00edteres, magia, cuentos y visitas especiales para todo el p\u00fablico, ser\u00e1n algunas de las amplias propuestas que ofrecer\u00e1 hoy desde las 19 y hasta la medianoche en la tradicional Noche de los Museos. Tanto el Instituto de Cultura como la Municipalidad de Corrientes dise\u00f1aron actividades pensadas especialmente para esta jornada.<\/p>\n\n\n\n<figure class=\"wp-block-image\"><img decoding=\"async\" src=\"https:\/\/www.diarioepoca.com\/content\/bucket\/5\/1257735w762h379c.jpg.webp\" alt=\"\"\/><\/figure>\n\n\n\n<h2 class=\"wp-block-heading\">Bellas Artes<\/h2>\n\n\n\n<p>En el Museo de Bellas Artes &#8220;Doctor Juan R Vidal&#8221; (San Juan 634) ser\u00e1 posible recorrer y apreciar en la sala &#8220;Jos\u00e9 Negro&#8221;, la muestra &#8220;Urgencia de un paisaje que nos habita&#8221; de los artistas Jos\u00e9 Mizdraji y Osvaldo Marc\u00f3n. En tanto, en la sala &#8220;Justa D\u00edaz de Vivar&#8221; se podr\u00e1 apreciar &#8220;La belleza de lo ef\u00edmero&#8221;, con obras del patrimonio.<\/p>\n\n\n\n<p>A las 19 se presentar\u00e1n en el patio del museo los alumnos del Instituto de M\u00fasica &#8220;Profesor Carmelo H. De Biasi&#8221;; a las 20 se podr\u00e1 disfrutar de un concierto del Ensamble Municipal, y para las 21:30 se ofrecer\u00e1n visitas guiadas por las distintas salas.<\/p>\n\n\n\n<figure class=\"wp-block-image\"><img decoding=\"async\" src=\"https:\/\/www.diarioepoca.com\/content\/bucket\/6\/1257736w762h266c.jpg.webp\" alt=\"\"\/><\/figure>\n\n\n\n<h2 class=\"wp-block-heading\">Historia<\/h2>\n\n\n\n<p>Por su parte, en el Museo Hist\u00f3rico Provincial &#8220;Teniente de Gobernador Manuel Cabral de Melo y Alpoin&#8221; (9 de Julio 1046) se ofrecer\u00e1n visitas guiadas para conocer en detalle su valioso patrimonio, y se contar\u00e1 un &#8220;anecdotario de nuestros pr\u00f3ceres&#8221;. A las 21 se presentar\u00e1 la Orquesta y Coro Municipal &#8220;Herminio Gim\u00e9nez&#8221; y habr\u00e1 un panel de libros de autores correntinos sobre historia y literatura, exhibida por la editorial Moglia.<\/p>\n\n\n\n<h2 class=\"wp-block-heading\">Artesan\u00edas<\/h2>\n\n\n\n<p>En el Museo de Artesan\u00edas Tradicionales (Quintana 905, casi Salta) est\u00e1 prevista la exposici\u00f3n y venta de artesan\u00edas tradicionales y los visitantes podr\u00e1n participar de una clase de creaci\u00f3n de artesan\u00eda.<\/p>\n\n\n\n<p>Adem\u00e1s, a las 21, se desarrollar\u00e1 el espect\u00e1culo de narraci\u00f3n oral &#8220;Leyendas correntinas&#8221;, a cargo de la profesora Silvia Pozo y la presentaci\u00f3n del grupo de ballet de la academia de danza del Instituto de M\u00fasica &#8220;Profesor Carmelo H. De Biasi&#8221;; mientras que a las 22 ser\u00e1 el turno del Ballet Folcl\u00f3rico Municipal &#8220;Siete Corrientes&#8221;, y cerca del cierre se ofrecer\u00e1 una degustaci\u00f3n de empanadas t\u00edpicas.<\/p>\n\n\n\n<h2 class=\"wp-block-heading\">Chamam\u00e9 y carnaval<\/h2>\n\n\n\n<p>La Casa \u00d1andereko, centro de interpretaci\u00f3n del chamam\u00e9 y el carnaval (25 de Mayo 1141), prepar\u00f3 una demostraci\u00f3n de lo que hacen durante el a\u00f1o en los talleres dictados en el lugar. El de guitarra, de la mano del profesor Alejandro Romero; el de canto, liderado por Sof\u00eda Morales, y el ballet que ense\u00f1a a bailar chamam\u00e9 desde los pasos b\u00e1sicos. Tambi\u00e9n est\u00e1 previsto un espect\u00e1culo con artistas del g\u00e9nero chamamecero y, de igual modo, una ronda de samba de carnaval.<\/p>\n\n\n\n<h2 class=\"wp-block-heading\">Ciencias Naturales<\/h2>\n\n\n\n<p>Por \u00faltimo, en el Museo de Ciencias Naturales &#8220;Doctor Amado Bonpland&#8221; (avenida Costanera General San Mart\u00edn 100), se podr\u00e1 recorrer la exposici\u00f3n permanente y a las 23, actuar\u00e1 el Ballet de C\u00e1mara Municipal. El Instituto de Bot\u00e1nica del Nordeste se sumar\u00e1 con una muestra sobre trabajos de investigaci\u00f3n y tambi\u00e9n participar\u00e1 la asociaci\u00f3n civil Amado Bonpland.<\/p>\n\n\n\n<p>Asimismo, se desarrollar\u00e1n varias charlas. Por un lado, &#8220;Un encuentro de dos mundos&#8221;, a cargo de la Licenciada Escamilla Gonz\u00e1lez y el becario doctoral del CONICET, Juan Francisco. Tambi\u00e9n se contar\u00e1 la historia de Torop\u00ed, de la mano de la Doctora M\u00e9ndez y Cecilia Romina, becaria postdoctoral, ambos integrantes del Laboratorio de Evoluci\u00f3n de Vertebrados y Ambientes Cenozoicos del Centro de Ecolog\u00eda Aplicada del Litoral (CONICET) y Universidad Nacional del Nordeste.<\/p>\n\n\n\n<p>Adem\u00e1s, est\u00e1 prevista la exposici\u00f3n de una serie de r\u00e9plicas de los f\u00f3siles hallados en la Reserva Paleontol\u00f3gica Arroyo Torop\u00ed, Bella Vista.<\/p>\n\n\n\n<h2 class=\"wp-block-heading\">Municipalidad<\/h2>\n\n\n\n<p>La Municipalidad ofrece distintas alternativas para el disfrute de los vecinos de Corrientes y de los turistas desde las 19, en dos espacios culturales. A las 19 y hasta la medianoche, el Centro Cultural &#8220;Adolfo Mors&#8221; (Pellegrini 542) ofrecer\u00e1 un espect\u00e1culo musical. Adem\u00e1s, profesores y alumnos del Instituto Superior Josefina Contte trabajar\u00e1n en vivo en diferentes obras de arte.<\/p>\n\n\n\n<p>En el mismo horario, pero en Casa Molinas (Pellegrini 937), participar\u00e1n los alumnos del Atelier Creativo &#8220;Recrearte&#8221;, exhibiendo arte en vivo, canto, m\u00fasica, danza y se realizar\u00e1, adem\u00e1s, un recorrido museol\u00f3gico del lugar. &#8220;Proponemos actividades que permitan al p\u00fablico que es habitual a estos lugares a disfrutar de algo distinto, pero tambi\u00e9n una manera de invitar a quienes no suelen visitar los museos a que descubran los encantos de estos lugares y las obras que se exponen&#8221;, expres\u00f3 a \u00e9poca el secretario de Cultura y Educaci\u00f3n de la Ciudad, Jos\u00e9 Sand. A esto agreg\u00f3 que es una oportunidad especial para que, &#8220;adem\u00e1s, se pueda disfrutar en familia de estas propuestas gratuitas&#8221;, refiri\u00f3 el funcionario municipal.<\/p>\n","protected":false},"excerpt":{"rendered":"<p>Desde el atardecer de hoy, la ciudad se inundar\u00e1 de propuestas art\u00edsticas en los distintos espacios culturales. Exposiciones, conciertos, espect\u00e1culos coreogr\u00e1ficos, teatro y comidas t\u00edpicas son algunas de las ofertas&hellip; <\/p>\n","protected":false},"author":3,"featured_media":13452,"comment_status":"closed","ping_status":"open","sticky":false,"template":"","format":"standard","meta":{"footnotes":""},"categories":[15],"tags":[],"class_list":["post-13451","post","type-post","status-publish","format-standard","has-post-thumbnail","hentry","category-cultura"],"_links":{"self":[{"href":"https:\/\/corrientesdetarde.com\/index.php\/wp-json\/wp\/v2\/posts\/13451","targetHints":{"allow":["GET"]}}],"collection":[{"href":"https:\/\/corrientesdetarde.com\/index.php\/wp-json\/wp\/v2\/posts"}],"about":[{"href":"https:\/\/corrientesdetarde.com\/index.php\/wp-json\/wp\/v2\/types\/post"}],"author":[{"embeddable":true,"href":"https:\/\/corrientesdetarde.com\/index.php\/wp-json\/wp\/v2\/users\/3"}],"replies":[{"embeddable":true,"href":"https:\/\/corrientesdetarde.com\/index.php\/wp-json\/wp\/v2\/comments?post=13451"}],"version-history":[{"count":1,"href":"https:\/\/corrientesdetarde.com\/index.php\/wp-json\/wp\/v2\/posts\/13451\/revisions"}],"predecessor-version":[{"id":13453,"href":"https:\/\/corrientesdetarde.com\/index.php\/wp-json\/wp\/v2\/posts\/13451\/revisions\/13453"}],"wp:featuredmedia":[{"embeddable":true,"href":"https:\/\/corrientesdetarde.com\/index.php\/wp-json\/wp\/v2\/media\/13452"}],"wp:attachment":[{"href":"https:\/\/corrientesdetarde.com\/index.php\/wp-json\/wp\/v2\/media?parent=13451"}],"wp:term":[{"taxonomy":"category","embeddable":true,"href":"https:\/\/corrientesdetarde.com\/index.php\/wp-json\/wp\/v2\/categories?post=13451"},{"taxonomy":"post_tag","embeddable":true,"href":"https:\/\/corrientesdetarde.com\/index.php\/wp-json\/wp\/v2\/tags?post=13451"}],"curies":[{"name":"wp","href":"https:\/\/api.w.org\/{rel}","templated":true}]}}