{"id":134520,"date":"2024-03-21T18:46:25","date_gmt":"2024-03-21T21:46:25","guid":{"rendered":"https:\/\/corrientesdetarde.com\/?p=134520"},"modified":"2024-03-21T18:46:29","modified_gmt":"2024-03-21T21:46:29","slug":"milei-avanza-con-mas-ajustes-y-cambios-en-la-ley-de-seguridad-interior-al-igual-que-en-la-corte","status":"publish","type":"post","link":"https:\/\/corrientesdetarde.com\/index.php\/politica\/milei-avanza-con-mas-ajustes-y-cambios-en-la-ley-de-seguridad-interior-al-igual-que-en-la-corte\/","title":{"rendered":"Milei avanza con m\u00e1s ajustes y cambios en la Ley de Seguridad Interior, al igual que en la Corte"},"content":{"rendered":"\n<p><strong>Por Juan Pablo Peralta desde Casa Rosada<\/strong><\/p>\n\n\n\n<p>El presidente Javier Milei estuvo en Casa Rosada pero no encabez\u00f3 la reuni\u00f3n de Gabinete que estuvo a cargo del ministro coordinador, Nicol\u00e1s Posse (en la foto, junto al embajador de EEUU, Marc Stanley). Por su parte, el vocero presidencial destac\u00f3 en conferencia de prensa la elecci\u00f3n del juez Ariel Lijo y Manuel Jos\u00e9 Mansilla para integrar la Corte Suprema. El vocero se refiri\u00f3 al 24 de marzo y dio detalles del c\u00f3nclave que mantuvo hace horas en Casa de Gobierno el titular de la CIA, Williams Burns.<\/p>\n\n\n\n<figure class=\"wp-block-embed is-type-video is-provider-youtube wp-block-embed-youtube wp-embed-aspect-16-9 wp-has-aspect-ratio\"><div class=\"wp-block-embed__wrapper\">\n<iframe loading=\"lazy\" title=\"Milei avanza con m\u00e1s ajustes y cambios en la Ley de Seguridad Interior, al igual que en la Corte\" width=\"1110\" height=\"624\" src=\"https:\/\/www.youtube.com\/embed\/APXf3tnYhck?feature=oembed\" frameborder=\"0\" allow=\"accelerometer; autoplay; clipboard-write; encrypted-media; gyroscope; picture-in-picture; web-share\" allowfullscreen><\/iframe>\n<\/div><\/figure>\n\n\n\n<p>Tambi\u00e9n anunci\u00f3 m\u00e1s recortes en el Estado, esta vez en el INCAA, y adelant\u00f3 lo que ocurri\u00f3 al mediod\u00eda. Se trata de la rueda de prensa conjunta que dieron los ministros Luis Petri (Defensa), quien adelant\u00f3 el proyecto que enviar\u00e1 al Congreso para modificar la Ley de Seguridad Interior, y Patricia Bullrich (Seguridad), que adelant\u00f3 los principales puntos de las normativas que la semana que viene estar\u00e1n en el parlamento en busca de nuevas penalidades e iniciativas para varios delitos complejos, como el narcoterrorismo.<\/p>\n","protected":false},"excerpt":{"rendered":"<p>Por Juan Pablo Peralta desde Casa Rosada El presidente Javier Milei estuvo en Casa Rosada pero no encabez\u00f3 la reuni\u00f3n de Gabinete que estuvo a cargo del ministro coordinador, Nicol\u00e1s&hellip; <\/p>\n","protected":false},"author":11,"featured_media":134521,"comment_status":"closed","ping_status":"open","sticky":false,"template":"","format":"standard","meta":{"footnotes":""},"categories":[10,3],"tags":[83,1778,1779,1768,1777,336],"class_list":["post-134520","post","type-post","status-publish","format-standard","has-post-thumbnail","hentry","category-nacionales","category-politica","tag-bullrich","tag-cia","tag-incaa","tag-lijo","tag-mansilla","tag-milei"],"_links":{"self":[{"href":"https:\/\/corrientesdetarde.com\/index.php\/wp-json\/wp\/v2\/posts\/134520","targetHints":{"allow":["GET"]}}],"collection":[{"href":"https:\/\/corrientesdetarde.com\/index.php\/wp-json\/wp\/v2\/posts"}],"about":[{"href":"https:\/\/corrientesdetarde.com\/index.php\/wp-json\/wp\/v2\/types\/post"}],"author":[{"embeddable":true,"href":"https:\/\/corrientesdetarde.com\/index.php\/wp-json\/wp\/v2\/users\/11"}],"replies":[{"embeddable":true,"href":"https:\/\/corrientesdetarde.com\/index.php\/wp-json\/wp\/v2\/comments?post=134520"}],"version-history":[{"count":2,"href":"https:\/\/corrientesdetarde.com\/index.php\/wp-json\/wp\/v2\/posts\/134520\/revisions"}],"predecessor-version":[{"id":134523,"href":"https:\/\/corrientesdetarde.com\/index.php\/wp-json\/wp\/v2\/posts\/134520\/revisions\/134523"}],"wp:featuredmedia":[{"embeddable":true,"href":"https:\/\/corrientesdetarde.com\/index.php\/wp-json\/wp\/v2\/media\/134521"}],"wp:attachment":[{"href":"https:\/\/corrientesdetarde.com\/index.php\/wp-json\/wp\/v2\/media?parent=134520"}],"wp:term":[{"taxonomy":"category","embeddable":true,"href":"https:\/\/corrientesdetarde.com\/index.php\/wp-json\/wp\/v2\/categories?post=134520"},{"taxonomy":"post_tag","embeddable":true,"href":"https:\/\/corrientesdetarde.com\/index.php\/wp-json\/wp\/v2\/tags?post=134520"}],"curies":[{"name":"wp","href":"https:\/\/api.w.org\/{rel}","templated":true}]}}