{"id":134529,"date":"2024-03-21T21:16:25","date_gmt":"2024-03-22T00:16:25","guid":{"rendered":"https:\/\/corrientesdetarde.com\/?p=134529"},"modified":"2024-03-21T21:16:29","modified_gmt":"2024-03-22T00:16:29","slug":"gala-de-musica-folclorica-en-honor-a-las-mujeres-en-la-ex-casa-martinez","status":"publish","type":"post","link":"https:\/\/corrientesdetarde.com\/index.php\/eventossociedad\/gala-de-musica-folclorica-en-honor-a-las-mujeres-en-la-ex-casa-martinez\/","title":{"rendered":"Gala de m\u00fasica folcl\u00f3rica en honor a las mujeres en la ex Casa Mart\u00ednez"},"content":{"rendered":"\n<p><\/p>\n\n\n\n<p>El Instituto de Cultura de Corrientes invita al espect\u00e1culo de m\u00fasica folcl\u00f3rica litorale\u00f1a y argentina que el grupo vocal instrumental Mainumby brindar\u00e1 este viernes 22 de marzo, a las 21,30, en el Museo Arqueol\u00f3gico y Antropol\u00f3gico, ex Casa Mart\u00ednez (Quintana 971).<\/p>\n\n\n\n<p>En honor al Mes de la Mujer, este viernes 22 de marzo habr\u00e1 una celebraci\u00f3n especial en la Ex Casa Mart\u00ednez, con un cautivador espect\u00e1culo de m\u00fasica folcl\u00f3rica a cargo del grupo vocal instrumental Mainumby. La velada, titulada Mujeres Cantoras, estar\u00e1 protagonizada \u00edntegramente por el grupo vocal, compuesto por un elenco de talentosas cantantes e instrumentistas.<\/p>\n\n\n\n<p>El evento se llevar\u00e1 a cabo en el patio hist\u00f3rico de la ex Casa Mart\u00ednez, situado en Quintana 971, sede del Museo Arqueol\u00f3gico y Antropol\u00f3gico de la Provincia de Corrientes, a partir de las 21:30 horas.<\/p>\n\n\n\n<p>Se tratar\u00e1 de una oportunidad \u00fanica para experimentar una noche musical enriquecedora y emocionante, anticip\u00f3 el grupo vocal instrumental Mainumby.<\/p>\n\n\n\n<p>Para quienes deseen asegurar su asistencia, se encuentran disponibles entradas anticipadas comunic\u00e1ndose al 3794 544063. El costo anticipado es de 2.500 pesos por persona o dos entradas por 4.000 pesos. En puerta, el valor ser\u00e1 de 3.000 pesos. Adem\u00e1s, se aceptan pagos a trav\u00e9s de Mercado Pago, utilizando el alias &#8220;<a href=\"https:\/\/4ue34.r.sp1-brevo.net\/mk\/cl\/f\/sh\/6rqJfgq8dINmNvd2HB7mP7OK8Ju\/wPc4e8PCAuDM\" target=\"_blank\" rel=\"noreferrer noopener\">grupomainumby.mp<\/a>&#8220;.<\/p>\n\n\n\n<p><strong>Mainumby<\/strong><\/p>\n\n\n\n<p>Es una formaci\u00f3n femenina especializada en la interpretaci\u00f3n de m\u00fasica folcl\u00f3rica argentina y litorale\u00f1a. El nombre del grupo, que significa &#8220;colibr\u00ed&#8221; en guaran\u00ed, encapsula la belleza y alegr\u00eda de esta ave en los sonidos de voces e instrumentos propios de las tradiciones correntinas.<\/p>\n\n\n\n<p>El repertorio de Mainumby abarca canciones de reconocidos referentes de la m\u00fasica folcl\u00f3rica, presentadas en versiones y arreglos originales del grupo.<\/p>\n\n\n\n<p>Actualmente, Mainumby se compone con Gladys Obreg\u00f3n (primera voz), Claudia Mi\u00f1o (guitarra y voz), Muriel Piaggio (charango, bajo y aer\u00f3fonos andinos), Lucrecia Ram\u00edrez (percusi\u00f3n) y Gabriela Escobar (cello y voz).<\/p>\n\n\n\n<figure class=\"wp-block-gallery has-nested-images columns-default is-cropped wp-block-gallery-1 is-layout-flex wp-block-gallery-is-layout-flex\">\n<figure class=\"wp-block-image size-large\"><img loading=\"lazy\" decoding=\"async\" width=\"1024\" height=\"768\" data-id=\"134542\" src=\"https:\/\/corrientesdetarde.com\/wp-content\/uploads\/2024\/03\/imagen-65133-1024x768.jpg\" alt=\"\" class=\"wp-image-134542\" srcset=\"https:\/\/corrientesdetarde.com\/wp-content\/uploads\/2024\/03\/imagen-65133-1024x768.jpg 1024w, https:\/\/corrientesdetarde.com\/wp-content\/uploads\/2024\/03\/imagen-65133-300x225.jpg 300w, https:\/\/corrientesdetarde.com\/wp-content\/uploads\/2024\/03\/imagen-65133-768x576.jpg 768w, https:\/\/corrientesdetarde.com\/wp-content\/uploads\/2024\/03\/imagen-65133-1536x1152.jpg 1536w, https:\/\/corrientesdetarde.com\/wp-content\/uploads\/2024\/03\/imagen-65133.jpg 1600w\" sizes=\"auto, (max-width: 1024px) 100vw, 1024px\" \/><\/figure>\n\n\n\n<figure class=\"wp-block-image size-large\"><img loading=\"lazy\" decoding=\"async\" width=\"1024\" height=\"478\" data-id=\"134543\" src=\"https:\/\/corrientesdetarde.com\/wp-content\/uploads\/2024\/03\/imagen-65132-1024x478.jpg\" alt=\"\" class=\"wp-image-134543\" srcset=\"https:\/\/corrientesdetarde.com\/wp-content\/uploads\/2024\/03\/imagen-65132-1024x478.jpg 1024w, https:\/\/corrientesdetarde.com\/wp-content\/uploads\/2024\/03\/imagen-65132-300x140.jpg 300w, https:\/\/corrientesdetarde.com\/wp-content\/uploads\/2024\/03\/imagen-65132-768x359.jpg 768w, https:\/\/corrientesdetarde.com\/wp-content\/uploads\/2024\/03\/imagen-65132-1536x717.jpg 1536w, https:\/\/corrientesdetarde.com\/wp-content\/uploads\/2024\/03\/imagen-65132.jpg 1600w\" sizes=\"auto, (max-width: 1024px) 100vw, 1024px\" \/><\/figure>\n<\/figure>\n","protected":false},"excerpt":{"rendered":"<p>El Instituto de Cultura de Corrientes invita al espect\u00e1culo de m\u00fasica folcl\u00f3rica litorale\u00f1a y argentina que el grupo vocal instrumental Mainumby brindar\u00e1 este viernes 22 de marzo, a las 21,30,&hellip; <\/p>\n","protected":false},"author":12,"featured_media":134543,"comment_status":"closed","ping_status":"open","sticky":false,"template":"","format":"standard","meta":{"footnotes":""},"categories":[1208],"tags":[],"class_list":["post-134529","post","type-post","status-publish","format-standard","has-post-thumbnail","hentry","category-eventossociedad"],"_links":{"self":[{"href":"https:\/\/corrientesdetarde.com\/index.php\/wp-json\/wp\/v2\/posts\/134529","targetHints":{"allow":["GET"]}}],"collection":[{"href":"https:\/\/corrientesdetarde.com\/index.php\/wp-json\/wp\/v2\/posts"}],"about":[{"href":"https:\/\/corrientesdetarde.com\/index.php\/wp-json\/wp\/v2\/types\/post"}],"author":[{"embeddable":true,"href":"https:\/\/corrientesdetarde.com\/index.php\/wp-json\/wp\/v2\/users\/12"}],"replies":[{"embeddable":true,"href":"https:\/\/corrientesdetarde.com\/index.php\/wp-json\/wp\/v2\/comments?post=134529"}],"version-history":[{"count":1,"href":"https:\/\/corrientesdetarde.com\/index.php\/wp-json\/wp\/v2\/posts\/134529\/revisions"}],"predecessor-version":[{"id":134545,"href":"https:\/\/corrientesdetarde.com\/index.php\/wp-json\/wp\/v2\/posts\/134529\/revisions\/134545"}],"wp:featuredmedia":[{"embeddable":true,"href":"https:\/\/corrientesdetarde.com\/index.php\/wp-json\/wp\/v2\/media\/134543"}],"wp:attachment":[{"href":"https:\/\/corrientesdetarde.com\/index.php\/wp-json\/wp\/v2\/media?parent=134529"}],"wp:term":[{"taxonomy":"category","embeddable":true,"href":"https:\/\/corrientesdetarde.com\/index.php\/wp-json\/wp\/v2\/categories?post=134529"},{"taxonomy":"post_tag","embeddable":true,"href":"https:\/\/corrientesdetarde.com\/index.php\/wp-json\/wp\/v2\/tags?post=134529"}],"curies":[{"name":"wp","href":"https:\/\/api.w.org\/{rel}","templated":true}]}}