{"id":134537,"date":"2024-03-21T21:31:25","date_gmt":"2024-03-22T00:31:25","guid":{"rendered":"https:\/\/corrientesdetarde.com\/?p=134537"},"modified":"2024-03-21T21:31:36","modified_gmt":"2024-03-22T00:31:36","slug":"titulares-de-seguridad-vial-de-corrientes-y-chaco-se-reunieron-para-establecer-agenda-de-trabajo-en-conjunto","status":"publish","type":"post","link":"https:\/\/corrientesdetarde.com\/index.php\/actualidad\/titulares-de-seguridad-vial-de-corrientes-y-chaco-se-reunieron-para-establecer-agenda-de-trabajo-en-conjunto\/","title":{"rendered":"Titulares de Seguridad Vial de Corrientes y Chaco se reunieron para establecer agenda de trabajo en conjunto"},"content":{"rendered":"\n<p><\/p>\n\n\n\n<p>El subsecretario de Seguridad Vial de la Provincia, Juan Manuel Saloj, se reuni\u00f3 este jueves en la ciudad de Corrientes, con su par del Chaco, Rafael Acu\u00f1a Agnelli, con quien establecieron una agenda en conjunto en ambos territorios respecto al \u00e1rea que les compete. Sostienen que a partir de eso les permitir\u00e1 incrementar los controles viales, con \u201cel fin de trabajar fuertemente en bajar los \u00edndices de siniestralidad\u201d.<\/p>\n\n\n\n<p>El encuentro, del cual tambi\u00e9n form\u00f3 parte el director de Seguridad Vial de la Polic\u00eda de Corrientes, Comisario General Dar\u00edo Hern\u00e1n Garc\u00eda, tuvo lugar en la sede del Ministerio de Seguridad de la Provincia. Para Saloj la reuni\u00f3n \u201cfue muy productiva, ya que nos propusimos trabajar en equipo Corrientes y Chaco, con el objetivo tambi\u00e9n de poder gestionar como bloque ante Naci\u00f3n\u201d, para lo cual, \u201cpretendemos incluir en las acciones coordinadas a las dem\u00e1s provincias del NEA\u201d, coment\u00f3.<\/p>\n\n\n\n<figure class=\"wp-block-gallery has-nested-images columns-default is-cropped wp-block-gallery-1 is-layout-flex wp-block-gallery-is-layout-flex\">\n<figure class=\"wp-block-image size-large\"><img loading=\"lazy\" decoding=\"async\" width=\"1024\" height=\"682\" data-id=\"134571\" src=\"https:\/\/corrientesdetarde.com\/wp-content\/uploads\/2024\/03\/imagen-65169-1024x682.jpg\" alt=\"\" class=\"wp-image-134571\" srcset=\"https:\/\/corrientesdetarde.com\/wp-content\/uploads\/2024\/03\/imagen-65169-1024x682.jpg 1024w, https:\/\/corrientesdetarde.com\/wp-content\/uploads\/2024\/03\/imagen-65169-300x200.jpg 300w, https:\/\/corrientesdetarde.com\/wp-content\/uploads\/2024\/03\/imagen-65169-768x512.jpg 768w, https:\/\/corrientesdetarde.com\/wp-content\/uploads\/2024\/03\/imagen-65169.jpg 1280w\" sizes=\"auto, (max-width: 1024px) 100vw, 1024px\" \/><\/figure>\n\n\n\n<figure class=\"wp-block-image size-large\"><img loading=\"lazy\" decoding=\"async\" width=\"1024\" height=\"682\" data-id=\"134572\" src=\"https:\/\/corrientesdetarde.com\/wp-content\/uploads\/2024\/03\/imagen-65167-1024x682.jpg\" alt=\"\" class=\"wp-image-134572\" srcset=\"https:\/\/corrientesdetarde.com\/wp-content\/uploads\/2024\/03\/imagen-65167-1024x682.jpg 1024w, https:\/\/corrientesdetarde.com\/wp-content\/uploads\/2024\/03\/imagen-65167-300x200.jpg 300w, https:\/\/corrientesdetarde.com\/wp-content\/uploads\/2024\/03\/imagen-65167-768x512.jpg 768w, https:\/\/corrientesdetarde.com\/wp-content\/uploads\/2024\/03\/imagen-65167.jpg 1280w\" sizes=\"auto, (max-width: 1024px) 100vw, 1024px\" \/><\/figure>\n<\/figure>\n","protected":false},"excerpt":{"rendered":"<p>El subsecretario de Seguridad Vial de la Provincia, Juan Manuel Saloj, se reuni\u00f3 este jueves en la ciudad de Corrientes, con su par del Chaco, Rafael Acu\u00f1a Agnelli, con quien&hellip; <\/p>\n","protected":false},"author":12,"featured_media":134574,"comment_status":"closed","ping_status":"open","sticky":false,"template":"","format":"standard","meta":{"footnotes":""},"categories":[23],"tags":[],"class_list":["post-134537","post","type-post","status-publish","format-standard","has-post-thumbnail","hentry","category-actualidad"],"_links":{"self":[{"href":"https:\/\/corrientesdetarde.com\/index.php\/wp-json\/wp\/v2\/posts\/134537","targetHints":{"allow":["GET"]}}],"collection":[{"href":"https:\/\/corrientesdetarde.com\/index.php\/wp-json\/wp\/v2\/posts"}],"about":[{"href":"https:\/\/corrientesdetarde.com\/index.php\/wp-json\/wp\/v2\/types\/post"}],"author":[{"embeddable":true,"href":"https:\/\/corrientesdetarde.com\/index.php\/wp-json\/wp\/v2\/users\/12"}],"replies":[{"embeddable":true,"href":"https:\/\/corrientesdetarde.com\/index.php\/wp-json\/wp\/v2\/comments?post=134537"}],"version-history":[{"count":1,"href":"https:\/\/corrientesdetarde.com\/index.php\/wp-json\/wp\/v2\/posts\/134537\/revisions"}],"predecessor-version":[{"id":134575,"href":"https:\/\/corrientesdetarde.com\/index.php\/wp-json\/wp\/v2\/posts\/134537\/revisions\/134575"}],"wp:featuredmedia":[{"embeddable":true,"href":"https:\/\/corrientesdetarde.com\/index.php\/wp-json\/wp\/v2\/media\/134574"}],"wp:attachment":[{"href":"https:\/\/corrientesdetarde.com\/index.php\/wp-json\/wp\/v2\/media?parent=134537"}],"wp:term":[{"taxonomy":"category","embeddable":true,"href":"https:\/\/corrientesdetarde.com\/index.php\/wp-json\/wp\/v2\/categories?post=134537"},{"taxonomy":"post_tag","embeddable":true,"href":"https:\/\/corrientesdetarde.com\/index.php\/wp-json\/wp\/v2\/tags?post=134537"}],"curies":[{"name":"wp","href":"https:\/\/api.w.org\/{rel}","templated":true}]}}