{"id":134584,"date":"2024-03-21T22:50:56","date_gmt":"2024-03-22T01:50:56","guid":{"rendered":"https:\/\/corrientesdetarde.com\/?p=134584"},"modified":"2024-03-21T22:51:08","modified_gmt":"2024-03-22T01:51:08","slug":"imputaron-a-la-madre-de-los-hermanitos-que-se-intoxicaron-con-cocaina-en-san-martin","status":"publish","type":"post","link":"https:\/\/corrientesdetarde.com\/index.php\/crimen-y-justicia\/imputaron-a-la-madre-de-los-hermanitos-que-se-intoxicaron-con-cocaina-en-san-martin\/","title":{"rendered":"Imputaron a la madre de los hermanitos que se intoxicaron con coca\u00edna en San Mart\u00edn"},"content":{"rendered":"\n<p>Lesiones leves culposas es la calificaci\u00f3n que la Justicia le impuso a la madre de los hermanitos intoxicados con\u00a0coca\u00edna\u00a0en\u00a0San Mart\u00edn,\u00a0Mendoza. M\u00e1s all\u00e1 de la\u00a0imputaci\u00f3n, la mujer permanece en libertad y cuidando a la nena de 4 a\u00f1os que est\u00e1 internada en el hospital Notti.\u00a0<\/p>\n\n\n\n<p>La otra v\u00edctima es el ni\u00f1o de 2 a\u00f1os, alojado en el Perrupato. Su hermana es quien present\u00f3 un cuadro m\u00e1s complicado y por eso fue derivada al nosocomio pedi\u00e1trico, aunque ambos ya evolucionan favorablemente.&nbsp;<\/p>\n\n\n\n<p>Las pruebas recabadas por el fiscal Correcional Tabar\u00e9&nbsp;Ezcurra y el fiscal jefe, Oscar S\u00edvori, orientaron la investigaci\u00f3n hacia la ahora acusada, principalmente por la declaraci\u00f3n de un reconocido&nbsp;toxic\u00f3logo de la provincia, que clarific\u00f3 bastante el panorama de los investigadores.&nbsp;<\/p>\n\n\n\n<p>Entre otras cosas, este profesional explic\u00f3 que, por la hora en la que los menores llegaron al hospital de&nbsp;<strong>San Mart\u00edn<\/strong>-10.30 del martes-y teniendo en cuenta el momento en el que comenzaron los s\u00edntomas de malestar, la exposici\u00f3n a la&nbsp;<strong>coca\u00edna&nbsp;<\/strong>la habr\u00edan tenido unas seis horas antes.&nbsp;<\/p>\n\n\n\n<p>A partir de este dato los pesquisas ampliaron un poco m\u00e1s el rango horario y lo llevaron hasta las 10 horas anteriores. Es decir, llegan\u00a0 inicialmente a la conclusi\u00f3n de que las v\u00edctimas estuvieron en contacto con la droga entre la noche del lunes y la madrugada del martes.\u00a0<\/p>\n\n\n\n<p>Durante ese lapso estuvieron al cuidado de su mam\u00e1, por lo que a ella le adjudican la responsabilidad y por eso la<strong>&nbsp;imputaci\u00f3n<\/strong>. La acusaci\u00f3n es excarcelable, la mujer no tiene antecedentes ni presenta&nbsp;riesgos de fuga, motivos por los que qued\u00f3 en libertad.&nbsp;<\/p>\n\n\n\n<p>En principio la calificaci\u00f3n es por lesiones leves, aunque podr\u00eda transformare en lesiones graves si el tiempo de recuperaci\u00f3n de los hermanos demanda m\u00e1s de 30 d\u00edas. Entienden los fiscales que fue una conducta culposa-negligente-, y por el momento no tienen elementos para sospechar de una acci\u00f3n dolosa.&nbsp;<\/p>\n\n\n\n<p>El primer sospechoso del caso fue el pap\u00e1 de los ni\u00f1os, luego de que su expareja declarara que hab\u00edan estado bajo su cuidado el pasado fin de semana. Incluso el hombre estuvo aprehendido algunas horas.&nbsp;<\/p>\n\n\n\n<p>Cabe aclarar que en las viviendas de ambos progenitores la Polic\u00eda no encontr\u00f3 estupefacientes. Sin embargo, ahora la investigaci\u00f3n apunta a la madre de los hermanitos y los sabuesos deber\u00e1n establecer concretamente si ella era la responsable de la<strong>&nbsp;coca\u00edna<\/strong>&nbsp;que intoxic\u00f3 a sus hijos,&nbsp;o si era de alguno de los otros residentes en la casa.&nbsp;<\/p>\n","protected":false},"excerpt":{"rendered":"<p>Lesiones leves culposas es la calificaci\u00f3n que la Justicia le impuso a la madre de los hermanitos intoxicados con\u00a0coca\u00edna\u00a0en\u00a0San Mart\u00edn,\u00a0Mendoza. M\u00e1s all\u00e1 de la\u00a0imputaci\u00f3n, la mujer permanece en libertad y&hellip; <\/p>\n","protected":false},"author":12,"featured_media":134589,"comment_status":"closed","ping_status":"open","sticky":false,"template":"","format":"standard","meta":{"footnotes":""},"categories":[5],"tags":[],"class_list":["post-134584","post","type-post","status-publish","format-standard","has-post-thumbnail","hentry","category-crimen-y-justicia"],"_links":{"self":[{"href":"https:\/\/corrientesdetarde.com\/index.php\/wp-json\/wp\/v2\/posts\/134584","targetHints":{"allow":["GET"]}}],"collection":[{"href":"https:\/\/corrientesdetarde.com\/index.php\/wp-json\/wp\/v2\/posts"}],"about":[{"href":"https:\/\/corrientesdetarde.com\/index.php\/wp-json\/wp\/v2\/types\/post"}],"author":[{"embeddable":true,"href":"https:\/\/corrientesdetarde.com\/index.php\/wp-json\/wp\/v2\/users\/12"}],"replies":[{"embeddable":true,"href":"https:\/\/corrientesdetarde.com\/index.php\/wp-json\/wp\/v2\/comments?post=134584"}],"version-history":[{"count":1,"href":"https:\/\/corrientesdetarde.com\/index.php\/wp-json\/wp\/v2\/posts\/134584\/revisions"}],"predecessor-version":[{"id":134590,"href":"https:\/\/corrientesdetarde.com\/index.php\/wp-json\/wp\/v2\/posts\/134584\/revisions\/134590"}],"wp:featuredmedia":[{"embeddable":true,"href":"https:\/\/corrientesdetarde.com\/index.php\/wp-json\/wp\/v2\/media\/134589"}],"wp:attachment":[{"href":"https:\/\/corrientesdetarde.com\/index.php\/wp-json\/wp\/v2\/media?parent=134584"}],"wp:term":[{"taxonomy":"category","embeddable":true,"href":"https:\/\/corrientesdetarde.com\/index.php\/wp-json\/wp\/v2\/categories?post=134584"},{"taxonomy":"post_tag","embeddable":true,"href":"https:\/\/corrientesdetarde.com\/index.php\/wp-json\/wp\/v2\/tags?post=134584"}],"curies":[{"name":"wp","href":"https:\/\/api.w.org\/{rel}","templated":true}]}}