{"id":134585,"date":"2024-03-21T22:52:57","date_gmt":"2024-03-22T01:52:57","guid":{"rendered":"https:\/\/corrientesdetarde.com\/?p=134585"},"modified":"2024-03-21T22:53:09","modified_gmt":"2024-03-22T01:53:09","slug":"oriana-sabatini-revelo-que-decision-tomo-dybala-con-los-companeros-de-la-seleccion-en-su-casamiento","status":"publish","type":"post","link":"https:\/\/corrientesdetarde.com\/index.php\/deportes\/oriana-sabatini-revelo-que-decision-tomo-dybala-con-los-companeros-de-la-seleccion-en-su-casamiento\/","title":{"rendered":"Oriana Sabatini revel\u00f3 qu\u00e9 decisi\u00f3n tomo Dybala con los compa\u00f1eros de la Selecci\u00f3n en su casamiento"},"content":{"rendered":"\n<p><strong>Oriana Sabatini\u00a0<\/strong>se va a casar con\u00a0<strong>Paulo Dybala<\/strong>. El futbolista de la Selecci\u00f3n argentina le propuso casamiento en una escena m\u00e1s que esperada por la cantante, en la Fontana di Trevi de Roma. Tras esa escena, la fecha ya est\u00e1 en el aire: el 20 de\u00a0julio\u00a0en el Dok Haras de Exaltaci\u00f3n de la Cruz, a unos kil\u00f3metros de Pilar.\u00a0<\/p>\n\n\n\n<h2 class=\"wp-block-heading\">Mir\u00e1 el video<\/h2>\n\n\n\n<figure class=\"wp-block-image\"><img decoding=\"async\" src=\"https:\/\/content.jwplatform.com\/thumbs\/nQ3IviW1-720.jpg\" alt=\"Loading video\"\/><\/figure>\n\n\n\n<p>En un mano a mano con el programa LAM, la actriz y cantante dio detalles de la organizaci\u00f3n del casamiento y hasta revel\u00f3 una lista de jugadores de la&nbsp;<strong>Selecci\u00f3n argentina&nbsp;<\/strong>que ya confirmaron que ser\u00e1n parte del evento, quer\u00eda despu\u00e9s de la Copa Am\u00e9rica y antes de los Juegos Ol\u00edmpicos.<\/p>\n\n\n\n<p>Ante la pregunta de si todos los campeones del mundo estaban invitados,&nbsp;<strong>Oriana Sabatini&nbsp;<\/strong>se\u00f1al\u00f3: &#8220;S\u00ed, creo que s\u00ed. \u00bfSoy sincera? Empezamos a hacer la lista en noviembre del a\u00f1o pasado. Yo no la volv\u00ed a ver, as\u00ed que no s\u00e9 qui\u00e9n viene y qui\u00e9n no viene. Yo le dije a \u00e9l que se encargue, porque seguramente&nbsp;<strong>Paulo&nbsp;<\/strong>(<strong>Dybala<\/strong>) tenga menos invitados que yo&#8221;.<\/p>\n\n\n\n<figure class=\"wp-block-image\"><img decoding=\"async\" src=\"https:\/\/www.mdzol.com\/u\/fotografias\/m\/2024\/3\/21\/f768x1-1568606_1568733_152.png\" alt=\"\"\/><figcaption class=\"wp-element-caption\">Oriana se casar\u00e1 con Paulo Dybala el 20 de julio. (Foto: Instagram Oriana Sabatini)<\/figcaption><\/figure>\n\n\n\n<p>Al frente de la organizaci\u00f3n del casamiento estar\u00e1 la expareja de Diego Maradona,&nbsp;Claudia Villafa\u00f1e, que trabajar\u00e1 con el reconocido pastelero Dami\u00e1n Betular para la elaboraci\u00f3n de la torta principal.<\/p>\n\n\n\n<p>En el mismo programa, la futura esposa de&nbsp;<strong>Paulo Dybala<\/strong>&nbsp;dio m\u00e1s detalles del evento: &#8220;Arranca temprano, porque como hay ceremonia y es invierno queremos que haya un poco de sol. Queremos aprovechar lo lindo del lugar, que es un campo enorme y abierto&#8221;.<\/p>\n\n\n\n<p>Adem\u00e1s, confes\u00f3 que habr\u00e1 dos artistas y uno fue elegido por&nbsp;<strong>Dybala.&nbsp;<\/strong>&#8220;Va a haber interrupciones. El que yo eleg\u00ed, porque nos pusimos de acuerdo para elegir uno cada uno, no s\u00e9 si es top pero para m\u00ed es lo m\u00e1s top. Es lo que yo quise desde que soy pendeja. Yo quer\u00eda que en mi casamiento tocara esta persona&#8221;.&nbsp;<\/p>\n","protected":false},"excerpt":{"rendered":"<p>Oriana Sabatini\u00a0se va a casar con\u00a0Paulo Dybala. El futbolista de la Selecci\u00f3n argentina le propuso casamiento en una escena m\u00e1s que esperada por la cantante, en la Fontana di Trevi&hellip; <\/p>\n","protected":false},"author":12,"featured_media":134591,"comment_status":"closed","ping_status":"open","sticky":false,"template":"","format":"standard","meta":{"footnotes":""},"categories":[4,19],"tags":[],"class_list":["post-134585","post","type-post","status-publish","format-standard","has-post-thumbnail","hentry","category-deportes","category-espectaculos"],"_links":{"self":[{"href":"https:\/\/corrientesdetarde.com\/index.php\/wp-json\/wp\/v2\/posts\/134585","targetHints":{"allow":["GET"]}}],"collection":[{"href":"https:\/\/corrientesdetarde.com\/index.php\/wp-json\/wp\/v2\/posts"}],"about":[{"href":"https:\/\/corrientesdetarde.com\/index.php\/wp-json\/wp\/v2\/types\/post"}],"author":[{"embeddable":true,"href":"https:\/\/corrientesdetarde.com\/index.php\/wp-json\/wp\/v2\/users\/12"}],"replies":[{"embeddable":true,"href":"https:\/\/corrientesdetarde.com\/index.php\/wp-json\/wp\/v2\/comments?post=134585"}],"version-history":[{"count":1,"href":"https:\/\/corrientesdetarde.com\/index.php\/wp-json\/wp\/v2\/posts\/134585\/revisions"}],"predecessor-version":[{"id":134592,"href":"https:\/\/corrientesdetarde.com\/index.php\/wp-json\/wp\/v2\/posts\/134585\/revisions\/134592"}],"wp:featuredmedia":[{"embeddable":true,"href":"https:\/\/corrientesdetarde.com\/index.php\/wp-json\/wp\/v2\/media\/134591"}],"wp:attachment":[{"href":"https:\/\/corrientesdetarde.com\/index.php\/wp-json\/wp\/v2\/media?parent=134585"}],"wp:term":[{"taxonomy":"category","embeddable":true,"href":"https:\/\/corrientesdetarde.com\/index.php\/wp-json\/wp\/v2\/categories?post=134585"},{"taxonomy":"post_tag","embeddable":true,"href":"https:\/\/corrientesdetarde.com\/index.php\/wp-json\/wp\/v2\/tags?post=134585"}],"curies":[{"name":"wp","href":"https:\/\/api.w.org\/{rel}","templated":true}]}}