{"id":134586,"date":"2024-03-21T22:56:50","date_gmt":"2024-03-22T01:56:50","guid":{"rendered":"https:\/\/corrientesdetarde.com\/?p=134586"},"modified":"2024-03-21T22:57:02","modified_gmt":"2024-03-22T01:57:02","slug":"el-desgarrador-testimonio-de-silvina-escudero-sobre-la-perdida-de-su-embarazo","status":"publish","type":"post","link":"https:\/\/corrientesdetarde.com\/index.php\/espectaculos\/el-desgarrador-testimonio-de-silvina-escudero-sobre-la-perdida-de-su-embarazo\/","title":{"rendered":"El desgarrador testimonio de Silvina Escudero sobre la p\u00e9rdida de su embarazo"},"content":{"rendered":"\n<p>En una reciente entrevista en exclusiva para \u201cRevista Gente\u201d,\u00a0<strong>Silvina Escudero<\/strong>\u00a0brind\u00f3 un desgarrador\u00a0<strong>testimonio<\/strong>\u00a0sobre la p\u00e9rdida de su\u00a0<strong>embarazo<\/strong>, que se dio cuando estaba transitando por la semana n\u00famero 14 de gestaci\u00f3n. A meses de lo ocurrido, la bailarina sigue en un momento de reconstrucci\u00f3n. \u201cNo volv\u00ed a ser la misma\u201d, expres\u00f3.\u00a0<\/p>\n\n\n\n<p>El traum\u00e1tico hecho, que a\u00fan no ha superado, alej\u00f3 a&nbsp;<strong>Silvina Escudero<\/strong>&nbsp;de los medios. \u201cYo todav\u00eda no quiero hablar de mi beb\u00e9 y de lo que sufrimos porque&nbsp;a\u00fan es algo que no est\u00e1 superado. No s\u00e9 si alguna vez voy a superar esto.&nbsp;Voy al supermercado, a pagar las expensas, o simplemente estoy en un lugar p\u00fablico en donde se me acerca alguien a darme una palabra de cari\u00f1o y yo autom\u00e1ticamente me pongo a llorar\u201d,&nbsp;dijo la bailarina.<\/p>\n\n\n\n<figure class=\"wp-block-image\"><img decoding=\"async\" src=\"https:\/\/www.mdzol.com\/u\/fotografias\/m\/2024\/3\/21\/f768x1-1568947_1569074_151.jpeg\" alt=\"\"\/><figcaption class=\"wp-element-caption\">Silvina Escudero confes\u00f3 que &#8220;no volvi\u00f3 a ser la misma&#8221;. Foto: Instagram\/ Silvina Escudero<\/figcaption><\/figure>\n\n\n\n<p>Asimismo,&nbsp;<strong>Silvina Escudero<\/strong>&nbsp;habl\u00f3 sobre su relaci\u00f3n con la prensa reconociendo que en alg\u00fan momento cuando se sienta en condiciones responder\u00e1 a todos las preguntas. \u201cEntiendo que lo que me pas\u00f3 requiere el inter\u00e9s de la prensa. En estas d\u00e9cadas de trabajo nunca prohib\u00ed que me pregunten nada.&nbsp;Yo creo que va a pasar un tiempo hasta que pueda sentarme tranquila y tenga la capacidad para contestar, hoy no me siento apta para hablar. En este momento no hay nada que sea m\u00e1s importante que eso. Quiero priorizar mi salud y bienestar, haciendo lo mejor con eso. Me sent\u00ed muy contenida por mi familia, amigos y mi p\u00fablico. Pero eso no cesa el dolor. Sigue, y va a seguir siempre&#8221;, expres\u00f3.<\/p>\n\n\n\n<p>\u201cNo nos fuimos de luna de miel por esto. Hoy se sabe, pero cuando antes me preguntaban yo dec\u00eda que no ten\u00eda tiempo por el laburo.&nbsp;Esa era la situaci\u00f3n. Nos hicimos alguna escapada a Punta del Este, pero en el \u00faltimo tiempo estuvimos atados a otra realidad. Hasta el d\u00eda de hoy no podemos proyectar unas vacaciones largas. Porque a esto se le suma el estado de salud de \u00c1frica, mi gata, a la que tengo que atender. Hay que estarle encima\u201d, se sincer\u00f3 la bailarina.<\/p>\n\n\n\n<figure class=\"wp-block-image\"><img decoding=\"async\" src=\"https:\/\/www.mdzol.com\/u\/fotografias\/m\/2024\/3\/21\/f768x1-1568948_1569075_5050.jpeg\" alt=\"\"\/><figcaption class=\"wp-element-caption\">Silvina Escudero a\u00fan no ha superado el traum\u00e1tico hecho de haber perdido su embarazo.&nbsp;Foto: Instagram\/ Silvina Escudero<\/figcaption><\/figure>\n\n\n\n<p>\u201cHace un mes y medio me dieron el alta y empec\u00e9 a entrenar. Estoy mucho mejor, m\u00e1s activa. Eso me ayuda mucho a la mente.&nbsp;En enero y febrero me termin\u00e9 de hacer chequeos y estudios que salieron bien. Tener la cabeza ocupada con actividades es un gran paliativo, pero nada tapa o saca el dolor. Estar activo te ayuda m\u00e1s que nada a la distracci\u00f3n, y yo en eso soy una m\u00e1quina\u201d, concluy\u00f3&nbsp;<strong>Silvina Escudero<\/strong>.<\/p>\n","protected":false},"excerpt":{"rendered":"<p>En una reciente entrevista en exclusiva para \u201cRevista Gente\u201d,\u00a0Silvina Escudero\u00a0brind\u00f3 un desgarrador\u00a0testimonio\u00a0sobre la p\u00e9rdida de su\u00a0embarazo, que se dio cuando estaba transitando por la semana n\u00famero 14 de gestaci\u00f3n. A&hellip; <\/p>\n","protected":false},"author":12,"featured_media":134593,"comment_status":"closed","ping_status":"open","sticky":false,"template":"","format":"standard","meta":{"footnotes":""},"categories":[19],"tags":[],"class_list":["post-134586","post","type-post","status-publish","format-standard","has-post-thumbnail","hentry","category-espectaculos"],"_links":{"self":[{"href":"https:\/\/corrientesdetarde.com\/index.php\/wp-json\/wp\/v2\/posts\/134586","targetHints":{"allow":["GET"]}}],"collection":[{"href":"https:\/\/corrientesdetarde.com\/index.php\/wp-json\/wp\/v2\/posts"}],"about":[{"href":"https:\/\/corrientesdetarde.com\/index.php\/wp-json\/wp\/v2\/types\/post"}],"author":[{"embeddable":true,"href":"https:\/\/corrientesdetarde.com\/index.php\/wp-json\/wp\/v2\/users\/12"}],"replies":[{"embeddable":true,"href":"https:\/\/corrientesdetarde.com\/index.php\/wp-json\/wp\/v2\/comments?post=134586"}],"version-history":[{"count":1,"href":"https:\/\/corrientesdetarde.com\/index.php\/wp-json\/wp\/v2\/posts\/134586\/revisions"}],"predecessor-version":[{"id":134615,"href":"https:\/\/corrientesdetarde.com\/index.php\/wp-json\/wp\/v2\/posts\/134586\/revisions\/134615"}],"wp:featuredmedia":[{"embeddable":true,"href":"https:\/\/corrientesdetarde.com\/index.php\/wp-json\/wp\/v2\/media\/134593"}],"wp:attachment":[{"href":"https:\/\/corrientesdetarde.com\/index.php\/wp-json\/wp\/v2\/media?parent=134586"}],"wp:term":[{"taxonomy":"category","embeddable":true,"href":"https:\/\/corrientesdetarde.com\/index.php\/wp-json\/wp\/v2\/categories?post=134586"},{"taxonomy":"post_tag","embeddable":true,"href":"https:\/\/corrientesdetarde.com\/index.php\/wp-json\/wp\/v2\/tags?post=134586"}],"curies":[{"name":"wp","href":"https:\/\/api.w.org\/{rel}","templated":true}]}}