{"id":134633,"date":"2024-03-21T23:13:17","date_gmt":"2024-03-22T02:13:17","guid":{"rendered":"https:\/\/corrientesdetarde.com\/?p=134633"},"modified":"2024-03-21T23:13:29","modified_gmt":"2024-03-22T02:13:29","slug":"todas-las-dudas-y-detalles-sobre-los-vouchers-que-anuncio-el-gobierno-para-los-alumnos-de-escuelas-privadas","status":"publish","type":"post","link":"https:\/\/corrientesdetarde.com\/index.php\/actualidad\/todas-las-dudas-y-detalles-sobre-los-vouchers-que-anuncio-el-gobierno-para-los-alumnos-de-escuelas-privadas\/","title":{"rendered":"Todas las dudas y detalles sobre los vouchers que anunci\u00f3 el Gobierno para los alumnos de escuelas privadas"},"content":{"rendered":"\n<p>El Ministerio de Capital Humano, a trav\u00e9s de la Secretar\u00eda de Educaci\u00f3n decidi\u00f3 implementar el programa\u00a0&#8220;Vouchers Educativos&#8221;,\u00a0dirigido especialmente a la clase media que atraviesa dificultades para pagar la cuota de la escuela privada de sus hijos en niveles inicial, primario y secundario.<\/p>\n\n\n\n<p>Seg\u00fan inform\u00f3 esa dependencia, se otorgar\u00e1&nbsp;<strong>una subvenci\u00f3n del 75% o m\u00e1s de la cuota escolar,&nbsp;<\/strong>siempre y cuando esta no supere los $54.396. Los beneficiarios recibir\u00e1n el 50% del valor del arancel de jornada simple, excluyendo actividades extraprogram\u00e1ticas, tomando como referencia la cuota base de marzo de 2024.<strong>&nbsp;Este beneficio ser\u00e1 aplicable para los meses de mayo, junio y julio, con un tope de $27.198 por hijo.<\/strong><\/p>\n\n\n\n<p>Seg\u00fan datos de la Secretar\u00eda de Educaci\u00f3n, este programa podr\u00eda beneficiar a cerca de 2 millones de estudiantes que asisten a m\u00e1s de 6 mil instituciones educativas en todo el territorio nacional. Seg\u00fan lo informado, son m\u00e1s de 6 mil las escuelas que podr\u00edan entrar en este rango.<\/p>\n\n\n\n<p>Esta informaci\u00f3n gener\u00f3 un mont\u00f3n de dudas entre los potenciales beneficiarios. Ac\u00e1 las m\u00e1s importantes:<\/p>\n\n\n\n<h3 class=\"wp-block-heading\">Programa de Asistencia &#8220;Vouchers Educativos&#8221;: Preguntas Frecuentes<\/h3>\n\n\n\n<ul class=\"wp-block-list\">\n<li>\u00bfQu\u00e9 ayuda pueden recibir?<\/li>\n<\/ul>\n\n\n\n<p>&#8211; El programa brinda apoyo a familias de clase media que env\u00edan a sus hijos a instituciones educativas de niveles inicial, primario y secundario, cubriendo el 75% o m\u00e1s de la cuota escolar, con un tope de $54.396 y un beneficio m\u00e1ximo de $27.198 por hijo.<\/p>\n\n\n\n<ul class=\"wp-block-list\">\n<li>\u00bfQu\u00e9 incluye el monto establecido de $54.000 como tope para la cuota?<\/li>\n<\/ul>\n\n\n\n<p>&#8211; El monto cubre el valor del arancel de jornada simple, excluyendo actividades extraprogram\u00e1ticas (atentos los que tienen m\u00e1s de un \u00edtem en la factura).<\/p>\n\n\n\n<ul class=\"wp-block-list\">\n<li>\u00bfQu\u00e9 pasa si la cuota escolar se incrementa despu\u00e9s de haber aplicado el beneficio?<\/li>\n<\/ul>\n\n\n\n<p>&#8211; El subsidio se ajusta \u00fanicamente al valor de la cuota base de marzo, sin considerar aumentos posteriores.<\/p>\n\n\n\n<ul class=\"wp-block-list\">\n<li>\u00bfQui\u00e9n puede realizar el tr\u00e1mite para acceder al voucher?<\/li>\n<\/ul>\n\n\n\n<p>&#8211; La madre o el padre. El monto lo va a recibir el titular de la CBU utilizada para la inscripci\u00f3n.<\/p>\n\n\n\n<ul class=\"wp-block-list\">\n<li>\u00bfC\u00f3mo se acreditar\u00e1 el dinero del voucher?<\/li>\n<\/ul>\n\n\n\n<p>&#8211; El dinero se acreditar\u00e1 en la cuenta bancaria declarada, aunque la fecha exacta est\u00e1 pendiente de confirmaci\u00f3n.<\/p>\n\n\n\n<ul class=\"wp-block-list\">\n<li>\u00bfEl l\u00edmite de los 7 salarios m\u00ednimos establecidos es por familia?<\/li>\n<\/ul>\n\n\n\n<p>&#8211; S\u00ed, el l\u00edmite comprende tanto el ingreso familiar como el monto de la cuota escolar.<\/p>\n\n\n\n<ul class=\"wp-block-list\">\n<li>\u00bfD\u00f3nde se hace el tr\u00e1mite?<\/li>\n<\/ul>\n\n\n\n<p>-En argetina.gob.ar a partir del 3 de abril.<\/p>\n\n\n\n<h2 class=\"wp-block-heading\">\u00bfCu\u00e1l fue el anuncio del Gobierno?<\/h2>\n\n\n\n<p>La iniciativa fue compartida por el&nbsp;<strong>ministerio de Capital Humano&nbsp;<\/strong>y aplica tanto para&nbsp;<strong>nivel inicial, primario y secundario.<\/strong><\/p>\n\n\n\n<p>Fuentes gubernamentales indicaron que&nbsp;<strong>las familias tendr\u00e1n acceso al 50%&nbsp;<\/strong>del valor de la cuota de jornada simple, en funci\u00f3n de la cuota base (marzo 2024)<strong>&nbsp;para mayo, junio y julio.<\/strong>&nbsp;As\u00ed, quedan exentas las actividades extraprogram\u00e1ticas.<\/p>\n\n\n\n<p>De esta manera<strong>, el voucher tendr\u00e1 un tope de $27.198 por hijo<\/strong>, aseguraron.<\/p>\n\n\n\n<p>Seg\u00fan datos provisorios de la<strong>&nbsp;Secretar\u00eda de Educaci\u00f3n, que fue parte de este lanzamiento, los vouchers educativos podr\u00edan alcanzar a casi 2 millones de chicos que asisten a m\u00e1s de 6.000 escuelas<\/strong>&nbsp;en todo el pa\u00eds y cuyos padres tengan un ingreso familiar menor a siete veces del Salario M\u00ednimo Vital y M\u00f3vil (SMVM), que actualmente es de $202.800.<\/p>\n","protected":false},"excerpt":{"rendered":"<p>El Ministerio de Capital Humano, a trav\u00e9s de la Secretar\u00eda de Educaci\u00f3n decidi\u00f3 implementar el programa\u00a0&#8220;Vouchers Educativos&#8221;,\u00a0dirigido especialmente a la clase media que atraviesa dificultades para pagar la cuota de&hellip; <\/p>\n","protected":false},"author":12,"featured_media":134641,"comment_status":"closed","ping_status":"open","sticky":false,"template":"","format":"standard","meta":{"footnotes":""},"categories":[23,32],"tags":[],"class_list":["post-134633","post","type-post","status-publish","format-standard","has-post-thumbnail","hentry","category-actualidad","category-educacion"],"_links":{"self":[{"href":"https:\/\/corrientesdetarde.com\/index.php\/wp-json\/wp\/v2\/posts\/134633","targetHints":{"allow":["GET"]}}],"collection":[{"href":"https:\/\/corrientesdetarde.com\/index.php\/wp-json\/wp\/v2\/posts"}],"about":[{"href":"https:\/\/corrientesdetarde.com\/index.php\/wp-json\/wp\/v2\/types\/post"}],"author":[{"embeddable":true,"href":"https:\/\/corrientesdetarde.com\/index.php\/wp-json\/wp\/v2\/users\/12"}],"replies":[{"embeddable":true,"href":"https:\/\/corrientesdetarde.com\/index.php\/wp-json\/wp\/v2\/comments?post=134633"}],"version-history":[{"count":1,"href":"https:\/\/corrientesdetarde.com\/index.php\/wp-json\/wp\/v2\/posts\/134633\/revisions"}],"predecessor-version":[{"id":134643,"href":"https:\/\/corrientesdetarde.com\/index.php\/wp-json\/wp\/v2\/posts\/134633\/revisions\/134643"}],"wp:featuredmedia":[{"embeddable":true,"href":"https:\/\/corrientesdetarde.com\/index.php\/wp-json\/wp\/v2\/media\/134641"}],"wp:attachment":[{"href":"https:\/\/corrientesdetarde.com\/index.php\/wp-json\/wp\/v2\/media?parent=134633"}],"wp:term":[{"taxonomy":"category","embeddable":true,"href":"https:\/\/corrientesdetarde.com\/index.php\/wp-json\/wp\/v2\/categories?post=134633"},{"taxonomy":"post_tag","embeddable":true,"href":"https:\/\/corrientesdetarde.com\/index.php\/wp-json\/wp\/v2\/tags?post=134633"}],"curies":[{"name":"wp","href":"https:\/\/api.w.org\/{rel}","templated":true}]}}