{"id":134636,"date":"2024-03-21T23:10:03","date_gmt":"2024-03-22T02:10:03","guid":{"rendered":"https:\/\/corrientesdetarde.com\/?p=134636"},"modified":"2024-03-21T23:10:08","modified_gmt":"2024-03-22T02:10:08","slug":"el-gobierno-cambia-la-formula-de-las-jubilaciones-por-decreto-y-estara-atada-a-la-inflacion","status":"publish","type":"post","link":"https:\/\/corrientesdetarde.com\/index.php\/sociales\/el-gobierno-cambia-la-formula-de-las-jubilaciones-por-decreto-y-estara-atada-a-la-inflacion\/","title":{"rendered":"El Gobierno cambia la f\u00f3rmula de las jubilaciones por decreto y estar\u00e1 atada a la inflaci\u00f3n"},"content":{"rendered":"\n<p>E<strong>l Gobierno va a sacar\u00a0una nueva f\u00f3rmula jubilatoria por decreto\u00a0y la despega del paquete de la ley Bases<\/strong>\u00a0que enviar\u00e1 al Congreso. De esta manera, el Poder Ejecutivo determinar\u00e1 por DNU que los haberes en abril se actualizar\u00e1n por el \u00cdndice de Precios al Consumidor (IPC), adem\u00e1s de que se anunci\u00f3\u00a0<strong>un plus de entre el 12 y 14%.<\/strong><\/p>\n\n\n\n<p><\/p>\n\n\n\n<p>Seg\u00fan confirmaron fuentes oficiales a<strong>&nbsp;A24.com<\/strong>,&nbsp;<strong>ante la falta de acuerdos por este tema, el Poder Ejecutivo decidi\u00f3 anticiparse y avanzar por decreto con la f\u00f3rmula<\/strong>&nbsp;que dise\u00f1\u00f3 el equipo del ministro de Econom\u00eda, Luis Caputo.<\/p>\n\n\n\n<p><strong>La intenci\u00f3n dentro del Gobierno era que la f\u00f3rmula tenga fuerza de ley,&nbsp;<\/strong>pero finalmente&nbsp;<strong>se decidi\u00f3 emitir el DNU&nbsp;<\/strong>al notar que los&nbsp;<strong>diputados opositores<\/strong>&nbsp;de la Comisi\u00f3n de Previsi\u00f3n y Seguridad Social decidieran impulsar una<strong>&nbsp;ley de movilidad jubilatoria por su cuenta.<\/strong><\/p>\n\n\n\n<p>En el borrador de la nueva ley Bases,<strong>&nbsp;el Gobierno hab\u00eda propuesto una f\u00f3rmula jubilatoria que indexe por inflaci\u00f3n a partir de abril&nbsp;<\/strong>con una compensaci\u00f3n adicional del 10% por la inflaci\u00f3n de enero.<\/p>\n\n\n\n<p><strong>Los bloques dialoguistas de Diputados exig\u00edan una compensaci\u00f3n mayor,<\/strong>&nbsp;que contemple enteramente lo que los jubilados y pensionados perdieron por la inflaci\u00f3n del primer mes del a\u00f1o, que fue de 20,6%.<\/p>\n\n\n\n<figure class=\"wp-block-image\"><img decoding=\"async\" src=\"https:\/\/media.a24.com\/p\/9ecdd774740479e0c523de98ec043bac\/adjuntos\/296\/imagenes\/009\/305\/0009305506\/1200x675\/smart\/el-gobierno-el-rechazo-del-dnu-el-senado-es-un-intento-socavar-el-pacto-mayo-foto-archivo.png\" alt=\"Javie Milei firm\u00f3 el decreto para modificar las jubilaciones. (Foto: archivo)\" title=\"Javie Milei firm\u00f3 el decreto para modificar las jubilaciones. (Foto: archivo)\"\/><\/figure>\n\n\n\n<p>Javie Milei firm\u00f3 el decreto para modificar las jubilaciones. (Foto: archivo)<\/p>\n\n\n\n<h2 class=\"wp-block-heading\">El cambio de las jubilaciones a subsidios<\/h2>\n\n\n\n<p>En tanto, en el entorno del presidente Milei&nbsp;<strong>confirmaron a A24.com<\/strong>&nbsp;<strong>que se analiza aplicar una reforma integral del sistema previsional&nbsp;<\/strong>que contempla &#8220;<strong>sacar del r\u00e9gimen de pago de ANSES a los casi 4 millones de argentinos que accedieron a la jubilaci\u00f3n de reparto a trav\u00e9s de moratorias<\/strong>&#8221; de gobiernos anteriores y pasarlos a &#8220;<strong>un nuevo r\u00e9gimen de subsidios que ser\u00e1n financiados no ya desde la ANSES&nbsp;<\/strong>sino a trav\u00e9s de fondos del Tesoro&#8221;.<\/p>\n\n\n\n<p>Sin embargo, esa reforma est\u00e1 atada, admitieron las fuentes, a que el Congreso acepte debatirlo y de no lograrlo, el Poder Ejecutivo tambi\u00e9n &#8220;<strong>se ver\u00e1 obligado a hacerlo en el mediano plazo por decreto<\/strong>&#8220;.<\/p>\n","protected":false},"excerpt":{"rendered":"<p>El Gobierno va a sacar\u00a0una nueva f\u00f3rmula jubilatoria por decreto\u00a0y la despega del paquete de la ley Bases\u00a0que enviar\u00e1 al Congreso. De esta manera, el Poder Ejecutivo determinar\u00e1 por DNU&hellip; <\/p>\n","protected":false},"author":12,"featured_media":134637,"comment_status":"closed","ping_status":"open","sticky":false,"template":"","format":"standard","meta":{"footnotes":""},"categories":[20,17],"tags":[],"class_list":["post-134636","post","type-post","status-publish","format-standard","has-post-thumbnail","hentry","category-economia","category-sociales"],"_links":{"self":[{"href":"https:\/\/corrientesdetarde.com\/index.php\/wp-json\/wp\/v2\/posts\/134636","targetHints":{"allow":["GET"]}}],"collection":[{"href":"https:\/\/corrientesdetarde.com\/index.php\/wp-json\/wp\/v2\/posts"}],"about":[{"href":"https:\/\/corrientesdetarde.com\/index.php\/wp-json\/wp\/v2\/types\/post"}],"author":[{"embeddable":true,"href":"https:\/\/corrientesdetarde.com\/index.php\/wp-json\/wp\/v2\/users\/12"}],"replies":[{"embeddable":true,"href":"https:\/\/corrientesdetarde.com\/index.php\/wp-json\/wp\/v2\/comments?post=134636"}],"version-history":[{"count":1,"href":"https:\/\/corrientesdetarde.com\/index.php\/wp-json\/wp\/v2\/posts\/134636\/revisions"}],"predecessor-version":[{"id":134638,"href":"https:\/\/corrientesdetarde.com\/index.php\/wp-json\/wp\/v2\/posts\/134636\/revisions\/134638"}],"wp:featuredmedia":[{"embeddable":true,"href":"https:\/\/corrientesdetarde.com\/index.php\/wp-json\/wp\/v2\/media\/134637"}],"wp:attachment":[{"href":"https:\/\/corrientesdetarde.com\/index.php\/wp-json\/wp\/v2\/media?parent=134636"}],"wp:term":[{"taxonomy":"category","embeddable":true,"href":"https:\/\/corrientesdetarde.com\/index.php\/wp-json\/wp\/v2\/categories?post=134636"},{"taxonomy":"post_tag","embeddable":true,"href":"https:\/\/corrientesdetarde.com\/index.php\/wp-json\/wp\/v2\/tags?post=134636"}],"curies":[{"name":"wp","href":"https:\/\/api.w.org\/{rel}","templated":true}]}}