{"id":134661,"date":"2024-03-22T08:35:34","date_gmt":"2024-03-22T11:35:34","guid":{"rendered":"https:\/\/corrientesdetarde.com\/?p=134661"},"modified":"2024-03-22T08:35:36","modified_gmt":"2024-03-22T11:35:36","slug":"el-precio-al-consumidor-aumenta-mas-que-los-mayoristas","status":"publish","type":"post","link":"https:\/\/corrientesdetarde.com\/index.php\/economia\/el-precio-al-consumidor-aumenta-mas-que-los-mayoristas\/","title":{"rendered":"&#8220;El precio al consumidor aumenta m\u00e1s que los mayoristas&#8221;"},"content":{"rendered":"\n<p>Ercole Felippa presidente de Manfrey y titular del Centro de la Industria lechera. Detall\u00f3 cu\u00e1l es la situaci\u00f3n del sector.\u00a0<\/p>\n\n\n\n<p>&#8220;Hay una diferencia de tres, cuatro o hasta cinco puntos, en donde los precios al consumidor aumentan m\u00e1s que los mayoristas. Muchas veces los precios que paga el consumidor en la g\u00f3ndola son ajenos a la cadena&#8221;, explic\u00f3.\u00a0<\/p>\n\n\n\n<p>Respecto de la apertura de las importaciones pidi\u00f3 &#8220;denos las mismas condiciones nada m\u00e1s&#8221;<\/p>\n","protected":false},"excerpt":{"rendered":"<p>Ercole Felippa presidente de Manfrey y titular del Centro de la Industria lechera. Detall\u00f3 cu\u00e1l es la situaci\u00f3n del sector.\u00a0 &#8220;Hay una diferencia de tres, cuatro o hasta cinco puntos,&hellip; <\/p>\n","protected":false},"author":12,"featured_media":134683,"comment_status":"closed","ping_status":"open","sticky":false,"template":"","format":"standard","meta":{"footnotes":""},"categories":[20],"tags":[],"class_list":["post-134661","post","type-post","status-publish","format-standard","has-post-thumbnail","hentry","category-economia"],"_links":{"self":[{"href":"https:\/\/corrientesdetarde.com\/index.php\/wp-json\/wp\/v2\/posts\/134661","targetHints":{"allow":["GET"]}}],"collection":[{"href":"https:\/\/corrientesdetarde.com\/index.php\/wp-json\/wp\/v2\/posts"}],"about":[{"href":"https:\/\/corrientesdetarde.com\/index.php\/wp-json\/wp\/v2\/types\/post"}],"author":[{"embeddable":true,"href":"https:\/\/corrientesdetarde.com\/index.php\/wp-json\/wp\/v2\/users\/12"}],"replies":[{"embeddable":true,"href":"https:\/\/corrientesdetarde.com\/index.php\/wp-json\/wp\/v2\/comments?post=134661"}],"version-history":[{"count":1,"href":"https:\/\/corrientesdetarde.com\/index.php\/wp-json\/wp\/v2\/posts\/134661\/revisions"}],"predecessor-version":[{"id":134684,"href":"https:\/\/corrientesdetarde.com\/index.php\/wp-json\/wp\/v2\/posts\/134661\/revisions\/134684"}],"wp:featuredmedia":[{"embeddable":true,"href":"https:\/\/corrientesdetarde.com\/index.php\/wp-json\/wp\/v2\/media\/134683"}],"wp:attachment":[{"href":"https:\/\/corrientesdetarde.com\/index.php\/wp-json\/wp\/v2\/media?parent=134661"}],"wp:term":[{"taxonomy":"category","embeddable":true,"href":"https:\/\/corrientesdetarde.com\/index.php\/wp-json\/wp\/v2\/categories?post=134661"},{"taxonomy":"post_tag","embeddable":true,"href":"https:\/\/corrientesdetarde.com\/index.php\/wp-json\/wp\/v2\/tags?post=134661"}],"curies":[{"name":"wp","href":"https:\/\/api.w.org\/{rel}","templated":true}]}}