{"id":134662,"date":"2024-03-22T08:33:50","date_gmt":"2024-03-22T11:33:50","guid":{"rendered":"https:\/\/corrientesdetarde.com\/?p=134662"},"modified":"2024-03-22T08:33:54","modified_gmt":"2024-03-22T11:33:54","slug":"cordoba-murio-una-joven-por-dengue-hemorragico-luego-de-dar-a-luz-y-su-bebe-tambien-contrajo-la-enfermedad","status":"publish","type":"post","link":"https:\/\/corrientesdetarde.com\/index.php\/nacionales\/cordoba-murio-una-joven-por-dengue-hemorragico-luego-de-dar-a-luz-y-su-bebe-tambien-contrajo-la-enfermedad\/","title":{"rendered":"CORDOBA: Muri\u00f3 una joven por dengue hemorr\u00e1gico luego de dar a luz y su beb\u00e9 tambi\u00e9n contrajo la enfermedad"},"content":{"rendered":"\n<p>Una joven muri\u00f3 por dengue hemorr\u00e1gico en C\u00f3rdoba luego de dar a luz.. La enfermedad se transmiti\u00f3 de forma vertical a su beb\u00e9, quien ahora est\u00e1 al cuidado de su abuela.<\/p>\n\n\n\n<p><br>Se trata de Macarena Vigentta, de 23 a\u00f1os, oriunda de la ciudad de Porte\u00f1a, quien ingres\u00f3 al Hospital Iturraspe en San Francisco con un cuadro de dengue luego de haberse atendido en un dispensario local en donde se habr\u00edan negado a hacerle el test de dengue.<\/p>\n\n\n\n<p>&nbsp;<br>De acuerdo con el relato que brind\u00f3 la madre, Laura Garc\u00eda, a Radio Universidad de C\u00f3rdoba, los s\u00edntomas habr\u00edan comenzado d\u00edas atr\u00e1s, cuando levant\u00f3 40 grados de fiebre. Por esto mismo, acudi\u00f3 al dispensario donde le aplicaron dipirona inyectable y le recomendaron reposo. Como su cuadro no mejoraba, regres\u00f3 al lugar, por lo que le realizaron estudios ginecol\u00f3gicos, pero no se le realiz\u00f3 el test de dengue. &#8220;Yo ped\u00ed que la mandaran a San Francisco y me dijeron que no porque si no estaba en trabajo de parto no la iban a recibir&#8221;, indic\u00f3.<\/p>\n\n\n\n<p>Tras insistir una vez m\u00e1s, le realizaron el hisopado de coronavirus, pero dio negativo. En consecuencia, la medicaron nuevamente con dipirona. De esta manera, lleg\u00f3 al Hospital Iturraspe en San Francisco, donde fue diagnosticada con de dengue.<\/p>\n\n\n\n<p>&nbsp;<br>Seg\u00fan relat\u00f3 el m\u00e9dico forense Mario Vignolo a Cadena3, se dio un contagio vertical de la madre del beb\u00e9. &#8220;Ten\u00eda las plaquetas muy bajas&#8221;, precis\u00f3.<\/p>\n\n\n\n<p>De igual forma, se intent\u00f3 inducir el parto para evitar la ces\u00e1rea, pero el cuadro era tan complejo que comenz\u00f3 a presentar sufrimiento fetal, por lo que se procedi\u00f3 a realizar una ces\u00e1rea. &#8220;A pesar de haberse compensado sus plaquetas, \u00e9stas se consumieron y provocaron una hemorragia. Se la volvi\u00f3 a operar y se present\u00f3 una hemorragia cl\u00ednica debido a factores de coagulaci\u00f3n&#8221;, profundiz\u00f3 Vignolo y agreg\u00f3 que este desenlace &#8220;no se podr\u00eda haber evitado&#8221;.<\/p>\n\n\n\n<p>Con respecto al beb\u00e9, el m\u00e9dico precis\u00f3 que &#8220;es el primer caso de contagio vertical que se registra y es preocupante&#8221;. El menor pes\u00f3 casi 3 kilos y fue dado de alta. Ahora, qued\u00f3 bajo el resguardo de su abuela.<\/p>\n\n\n\n<p>Esta muerte se suma a las otras siete registradas desde el inicio de la temporada en C\u00f3rdoba. En l\u00ednea con el \u00faltimo informe epidemiol\u00f3gico provincial, en la semana anterior se informaron 3.754 nuevos casos de dengue, lo que da un total de 9.316 contagios reportados, de los cuales 8.774 son aut\u00f3ctonos. Seg\u00fan precis\u00f3 el Ministerio de Salud de la provincia, el 92,6 por ciento se registraron en las \u00faltimas cinco semanas.<\/p>\n\n\n\n<p>Las ciudades con mayor nivel de positividad son la Ciudad de C\u00f3rdoba, Arroyito, Brinkmann, Villa Mar\u00eda y San Francisco.<\/p>\n\n\n\n<p><br>Por otro lado, las personas fallecidas eran oriundas de la Capital, General San Mart\u00edn, Ju\u00e1rez Celman y San Justo. Cinco de ellos presentaban comorbilidades, mientras que los dos restantes no ten\u00edan una enfermedad preexistente de la que se tuviera registro.<\/p>\n\n\n\n<p>En este contexto, la subsecretaria de Estrategias Sanitarias y Acceso a la Salud, Laura L\u00f3pez, destac\u00f3 que &#8220;en esta etapa del brote, juego un rol fundamental el primer nivel de atenci\u00f3n&#8221;. En este contexto, es necesario identificar r\u00e1pidamente los s\u00edntomas. Dentro de los m\u00e1s comunes, se encuentran Dolor o sensibilidad en el est\u00f3mago, v\u00f3mitos (al menos 3 veces en 24 horas), sangrado por la nariz o las enc\u00edas, v\u00f3mitos con sangre o sangre en las heces, sensaci\u00f3n de cansancio, inquietud o irritabilidad.<\/p>\n\n\n\n<p><strong>Qu\u00e9 es el dengue hemorr\u00e1gico<\/strong><\/p>\n\n\n\n<p><br>Durante d\u00e9cadas las autoridades sanitarias diferenciaban entre la infecci\u00f3n por dengue y el dengue hemorr\u00e1gico. Pero con el avance de la investigaci\u00f3n cient\u00edfica, cambi\u00f3 la denominaci\u00f3n. Hoy se habla de &#8220;dengue&#8221; y &#8220;dengue grave&#8221;.<\/p>\n\n\n\n<p>&#8220;Desde 2009 cambi\u00f3 la denominaci\u00f3n. En la actualidad dengue hemorr\u00e1gico es una de las posibilidades del dengue grave&#8221;, dijo a Infobae el doctor Tom\u00e1s Orduna, ex jefe del Servicio de Medicina Tropical y Medicina del Viajero en Hospital de Infecciosas F. J. Mu\u00f1iz y miembro del comit\u00e9 cient\u00edfico de la Fundaci\u00f3n Mundo Sano.<\/p>\n\n\n\n<p>Dentro de lo que hoy se considera &#8220;dengue grave&#8221;, hay diferentes modalidades en los afectados. Se puede presentar con hemorragias graves, con choque (shock) por dengue, o tambi\u00e9n por da\u00f1o grave de \u00f3rganos, con problemas como miocarditis, encefalitis o hepatitis.<\/p>\n","protected":false},"excerpt":{"rendered":"<p>Una joven muri\u00f3 por dengue hemorr\u00e1gico en C\u00f3rdoba luego de dar a luz.. La enfermedad se transmiti\u00f3 de forma vertical a su beb\u00e9, quien ahora est\u00e1 al cuidado de su&hellip; <\/p>\n","protected":false},"author":12,"featured_media":134681,"comment_status":"closed","ping_status":"open","sticky":false,"template":"","format":"standard","meta":{"footnotes":""},"categories":[10],"tags":[],"class_list":["post-134662","post","type-post","status-publish","format-standard","has-post-thumbnail","hentry","category-nacionales"],"_links":{"self":[{"href":"https:\/\/corrientesdetarde.com\/index.php\/wp-json\/wp\/v2\/posts\/134662","targetHints":{"allow":["GET"]}}],"collection":[{"href":"https:\/\/corrientesdetarde.com\/index.php\/wp-json\/wp\/v2\/posts"}],"about":[{"href":"https:\/\/corrientesdetarde.com\/index.php\/wp-json\/wp\/v2\/types\/post"}],"author":[{"embeddable":true,"href":"https:\/\/corrientesdetarde.com\/index.php\/wp-json\/wp\/v2\/users\/12"}],"replies":[{"embeddable":true,"href":"https:\/\/corrientesdetarde.com\/index.php\/wp-json\/wp\/v2\/comments?post=134662"}],"version-history":[{"count":1,"href":"https:\/\/corrientesdetarde.com\/index.php\/wp-json\/wp\/v2\/posts\/134662\/revisions"}],"predecessor-version":[{"id":134682,"href":"https:\/\/corrientesdetarde.com\/index.php\/wp-json\/wp\/v2\/posts\/134662\/revisions\/134682"}],"wp:featuredmedia":[{"embeddable":true,"href":"https:\/\/corrientesdetarde.com\/index.php\/wp-json\/wp\/v2\/media\/134681"}],"wp:attachment":[{"href":"https:\/\/corrientesdetarde.com\/index.php\/wp-json\/wp\/v2\/media?parent=134662"}],"wp:term":[{"taxonomy":"category","embeddable":true,"href":"https:\/\/corrientesdetarde.com\/index.php\/wp-json\/wp\/v2\/categories?post=134662"},{"taxonomy":"post_tag","embeddable":true,"href":"https:\/\/corrientesdetarde.com\/index.php\/wp-json\/wp\/v2\/tags?post=134662"}],"curies":[{"name":"wp","href":"https:\/\/api.w.org\/{rel}","templated":true}]}}