{"id":134663,"date":"2024-03-22T08:31:58","date_gmt":"2024-03-22T11:31:58","guid":{"rendered":"https:\/\/corrientesdetarde.com\/?p=134663"},"modified":"2024-03-22T08:32:09","modified_gmt":"2024-03-22T11:32:09","slug":"corrientes-sin-colectivos-aplicaran-sanciones-a-uta-por-no-acatar-la-conciliacion-obligatoria","status":"publish","type":"post","link":"https:\/\/corrientesdetarde.com\/index.php\/actualidad\/corrientes-sin-colectivos-aplicaran-sanciones-a-uta-por-no-acatar-la-conciliacion-obligatoria\/","title":{"rendered":"Corrientes sin colectivos: aplicar\u00e1n sanciones a UTA por no acatar la conciliaci\u00f3n obligatoria"},"content":{"rendered":"\n<p>&#8220;Vamos a sancionar a trav\u00e9s una multa a por el no cumplimiento de lo resuelto por la Secretar\u00eda de trabajo&#8221;, dijo Rajoy a Radio Dos. &#8220;Es un err\u00f3neo que tiene la UTA&#8221;, dijo porque el gremio desconoce su jurisdicci\u00f3n.<\/p>\n\n\n\n<p>&#8220;Somos los que entendemos en este tipo de cuestiones. Estaos buscando los antecedentes porque tenemos un incumplimiento sistem\u00e1tico de la UTA. Haremos una presentaci\u00f3n en la Secretaria de trabajo de Naci\u00f3n&#8221;, explic\u00f3.<\/p>\n\n\n\n<p>&#8220;La idea es que tengan sanci\u00f3n porque estamos en un c\u00edrculo sin salida&#8221;, asegur\u00f3.<\/p>\n","protected":false},"excerpt":{"rendered":"<p>&#8220;Vamos a sancionar a trav\u00e9s una multa a por el no cumplimiento de lo resuelto por la Secretar\u00eda de trabajo&#8221;, dijo Rajoy a Radio Dos. &#8220;Es un err\u00f3neo que tiene&hellip; <\/p>\n","protected":false},"author":12,"featured_media":134679,"comment_status":"closed","ping_status":"open","sticky":false,"template":"","format":"standard","meta":{"footnotes":""},"categories":[23],"tags":[],"class_list":["post-134663","post","type-post","status-publish","format-standard","has-post-thumbnail","hentry","category-actualidad"],"_links":{"self":[{"href":"https:\/\/corrientesdetarde.com\/index.php\/wp-json\/wp\/v2\/posts\/134663","targetHints":{"allow":["GET"]}}],"collection":[{"href":"https:\/\/corrientesdetarde.com\/index.php\/wp-json\/wp\/v2\/posts"}],"about":[{"href":"https:\/\/corrientesdetarde.com\/index.php\/wp-json\/wp\/v2\/types\/post"}],"author":[{"embeddable":true,"href":"https:\/\/corrientesdetarde.com\/index.php\/wp-json\/wp\/v2\/users\/12"}],"replies":[{"embeddable":true,"href":"https:\/\/corrientesdetarde.com\/index.php\/wp-json\/wp\/v2\/comments?post=134663"}],"version-history":[{"count":1,"href":"https:\/\/corrientesdetarde.com\/index.php\/wp-json\/wp\/v2\/posts\/134663\/revisions"}],"predecessor-version":[{"id":134680,"href":"https:\/\/corrientesdetarde.com\/index.php\/wp-json\/wp\/v2\/posts\/134663\/revisions\/134680"}],"wp:featuredmedia":[{"embeddable":true,"href":"https:\/\/corrientesdetarde.com\/index.php\/wp-json\/wp\/v2\/media\/134679"}],"wp:attachment":[{"href":"https:\/\/corrientesdetarde.com\/index.php\/wp-json\/wp\/v2\/media?parent=134663"}],"wp:term":[{"taxonomy":"category","embeddable":true,"href":"https:\/\/corrientesdetarde.com\/index.php\/wp-json\/wp\/v2\/categories?post=134663"},{"taxonomy":"post_tag","embeddable":true,"href":"https:\/\/corrientesdetarde.com\/index.php\/wp-json\/wp\/v2\/tags?post=134663"}],"curies":[{"name":"wp","href":"https:\/\/api.w.org\/{rel}","templated":true}]}}