{"id":134664,"date":"2024-03-22T08:29:38","date_gmt":"2024-03-22T11:29:38","guid":{"rendered":"https:\/\/corrientesdetarde.com\/?p=134664"},"modified":"2024-03-22T08:29:38","modified_gmt":"2024-03-22T11:29:38","slug":"un-fin-de-semana-con-una-temperatura-que-nos-dejara-respirar","status":"publish","type":"post","link":"https:\/\/corrientesdetarde.com\/index.php\/informacion-general\/un-fin-de-semana-con-una-temperatura-que-nos-dejara-respirar\/","title":{"rendered":"Un fin de semana con una temperatura que nos dejar\u00e1 respirar"},"content":{"rendered":"\n<p>Esta estaci\u00f3n que inici\u00f3 con una precipitaci\u00f3n de 77 mm trajo un viento del suroeste que produjo el descenso de la temperatura, que lleg\u00f3 a ser muy alta en la semana anterior.<\/p>\n\n\n\n<p>Con lluvia en las primeras horas del d\u00eda, Corrientes tuvo una muy agradable temperatura de 18 grados para comenzar la jornada del jueves que tuvo una m\u00e1xima de 27\u00baC, muy por debajo a los 42 grados registrados el mi\u00e9rcoles.<\/p>\n\n\n\n<p>El descenso de la temperatura cambi\u00f3 hasta el humor de las personas que ya no soportaban tener t\u00e9rmicas tan elevadas y que recibieron el alivio con otra actitud.<\/p>\n\n\n\n<p>El pron\u00f3stico extendido del Servicio Meteorol\u00f3gico Nacional (SMN) indica que tendremos temperaturas mucho m\u00e1s agradables a las del sofocante calor que vivimos d\u00edas atr\u00e1s.<\/p>\n\n\n\n<p>Para hoy, en la puerta del fin de semana, se espera una m\u00ednima de 15 grados en las primeras horas de la ma\u00f1ana que ir\u00e1 en aumento con el transcurrir de la jornada y alcanzar\u00e1 una m\u00e1xima de 26\u00baC y un cielo parcialmente nublado.<\/p>\n\n\n\n<p>La tendencia para ma\u00f1ana continuar\u00e1 de la misma manera con una temperatura m\u00ednima de 14 grados y la m\u00e1xima rondar\u00e1 los 30 grados cent\u00edgrados. Tambi\u00e9n se presentar\u00e1 algo nublado a parcialmente nublado.<\/p>\n\n\n\n<p>Para la jornada del &#8220;Domingo de Ramos&#8221;, inicio de la semana m\u00e1s importante para la grey cat\u00f3lica, el d\u00eda en general se presentar\u00e1 ligeramente a parcialmente nublado.<\/p>\n\n\n\n<p>Las temperaturas no variar\u00e1n en mayor medida a los d\u00edas anteriores con una m\u00ednima de 20 grados y una m\u00e1xima de 22\u00baC.<\/p>\n\n\n\n<p>Estas temperaturas y el buen clima se extender\u00e1n al menos hasta el mi\u00e9rcoles, d\u00eda en el que tendremos 19 grados como m\u00ednima, pero la m\u00e1xima ya empezar\u00eda a trepar y ser\u00eda de 35 grados cent\u00edgrados.<\/p>\n\n\n\n<p>Debemos mencionar que a pesar del cambio de estaci\u00f3n, el calor se extender\u00e1 por lo menos hasta abril, \u00e9poca en la que ya estaremos entrados en el oto\u00f1o.<\/p>\n","protected":false},"excerpt":{"rendered":"<p>Esta estaci\u00f3n que inici\u00f3 con una precipitaci\u00f3n de 77 mm trajo un viento del suroeste que produjo el descenso de la temperatura, que lleg\u00f3 a ser muy alta en la&hellip; <\/p>\n","protected":false},"author":12,"featured_media":134677,"comment_status":"closed","ping_status":"open","sticky":false,"template":"","format":"standard","meta":{"footnotes":""},"categories":[1],"tags":[],"class_list":["post-134664","post","type-post","status-publish","format-standard","has-post-thumbnail","hentry","category-informacion-general"],"_links":{"self":[{"href":"https:\/\/corrientesdetarde.com\/index.php\/wp-json\/wp\/v2\/posts\/134664","targetHints":{"allow":["GET"]}}],"collection":[{"href":"https:\/\/corrientesdetarde.com\/index.php\/wp-json\/wp\/v2\/posts"}],"about":[{"href":"https:\/\/corrientesdetarde.com\/index.php\/wp-json\/wp\/v2\/types\/post"}],"author":[{"embeddable":true,"href":"https:\/\/corrientesdetarde.com\/index.php\/wp-json\/wp\/v2\/users\/12"}],"replies":[{"embeddable":true,"href":"https:\/\/corrientesdetarde.com\/index.php\/wp-json\/wp\/v2\/comments?post=134664"}],"version-history":[{"count":1,"href":"https:\/\/corrientesdetarde.com\/index.php\/wp-json\/wp\/v2\/posts\/134664\/revisions"}],"predecessor-version":[{"id":134678,"href":"https:\/\/corrientesdetarde.com\/index.php\/wp-json\/wp\/v2\/posts\/134664\/revisions\/134678"}],"wp:featuredmedia":[{"embeddable":true,"href":"https:\/\/corrientesdetarde.com\/index.php\/wp-json\/wp\/v2\/media\/134677"}],"wp:attachment":[{"href":"https:\/\/corrientesdetarde.com\/index.php\/wp-json\/wp\/v2\/media?parent=134664"}],"wp:term":[{"taxonomy":"category","embeddable":true,"href":"https:\/\/corrientesdetarde.com\/index.php\/wp-json\/wp\/v2\/categories?post=134664"},{"taxonomy":"post_tag","embeddable":true,"href":"https:\/\/corrientesdetarde.com\/index.php\/wp-json\/wp\/v2\/tags?post=134664"}],"curies":[{"name":"wp","href":"https:\/\/api.w.org\/{rel}","templated":true}]}}