{"id":134665,"date":"2024-03-22T08:28:41","date_gmt":"2024-03-22T11:28:41","guid":{"rendered":"https:\/\/corrientesdetarde.com\/?p=134665"},"modified":"2024-03-22T08:28:53","modified_gmt":"2024-03-22T11:28:53","slug":"dos-motochorros-y-tres-asaltos-a-balazos-en-48-horas-un-herido","status":"publish","type":"post","link":"https:\/\/corrientesdetarde.com\/index.php\/policiales\/dos-motochorros-y-tres-asaltos-a-balazos-en-48-horas-un-herido\/","title":{"rendered":"Dos motochorros y tres asaltos a balazos en 48 horas: un herido"},"content":{"rendered":"\n<p>Coinciden sus caracter\u00edsticas f\u00edsicas, modo de vestimenta y, principalmente, los detalles de la motocicleta en la que circulan. Dos delincuentes extremadamente peligrosos cometieron tres asaltos a mano armada en un lapso de 48 horas, en la zona noreste de la ciudad de Corrientes.<\/p>\n\n\n\n<p>Como consecuencia del \u00faltimo atraco, un joven result\u00f3 herido de un impacto de bala en la pierna frente a su novia e hijo, de 6 meses, a quien cargaban en brazos.<\/p>\n\n\n\n<p>En todos los casos efectuaron disparos porque sus v\u00edctimas resistieron e hicieron movimientos en procura de escapar a los intentos de robo en la v\u00eda p\u00fablica.<\/p>\n\n\n\n<p>Ayer, desde la Polic\u00eda informaron sobre el inicio de una investigaci\u00f3n intensiva en procura de identificar a los malhechores que no solo portan arma de fuego, sino tambi\u00e9n cuchillos.<\/p>\n\n\n\n<p>El mi\u00e9rcoles, a las 20:15, una pareja que regresaba a pie rumbo a su domicilio del barrio San Jos\u00e9 vivi\u00f3 segundos de mucha desesperaci\u00f3n.<\/p>\n\n\n\n<p>Un joven, de 19 a\u00f1os, y su novia, de 18, transitaban sobre calle Pedro Ar\u00e1oz cuando vieron pasar una moto roja que ingres\u00f3 al Pasaje del Corro. Mientras continuaban caminando con su beb\u00e9 en brazos escucharon nuevamente el ruido de la moto que sal\u00eda de ese pasaje en direcci\u00f3n a ellos, en esta ocasi\u00f3n ya de frente.<\/p>\n\n\n\n<p>Al momento de darles alcance frenaron de forma repentina y descendi\u00f3 quien iba como acompa\u00f1ante. Lo hizo cuchillo en mano al grito de &#8220;los celulares, la mochila&#8221;.<\/p>\n\n\n\n<p>El muchacho, de 19 a\u00f1os, no dud\u00f3 en colocarse frente a su novia e hijito a modo defensivo, mientras con una sombrilla en manos enfrent\u00f3 al asaltante.<\/p>\n\n\n\n<p>En ese instante, el segundo malviviente, sobre la moto, extrajo de entre sus ropas un arma de fuego y la deton\u00f3.<\/p>\n\n\n\n<p>Los gritos en pedido de auxilio y las corridas alarmaron a vecinos de la cuadra, quienes comenzaron a salir mientras ambos asaltantes emprend\u00edan la fuga sin robar.<\/p>\n\n\n\n<p>Mientras el herido recib\u00eda contenci\u00f3n a la espera de alguna ambulancia y de la Polic\u00eda, comenz\u00f3 a generarse un segundo revuelo.<\/p>\n\n\n\n<p>Su concubina grit\u00f3 desesperada al ver pasar sobre la calle a la motocicleta con ambos asaltantes en direcci\u00f3n contraria a la cual hab\u00edan escapado. &#8220;Pasaron a mirar, no les import\u00f3 nada&#8221;, dijo un vecino.<\/p>\n\n\n\n<p>La v\u00edctima del disparo, cuya identidad mantenemos bajo reserva, ingres\u00f3 m\u00e1s de media hora despu\u00e9s al \u00e1rea de emergencias del Hospital Escuela. &#8220;Pas\u00f3 media hora para que llegue una ambulancia&#8221;, explic\u00f3 uno de los testigos.<\/p>\n\n\n\n<p>Autoridades de la comisar\u00eda seccional Decimosexta trabajaron en el lugar. M\u00e1s tarde, dieron inicio a una causa caratulada como &#8220;robo calificado por el uso de arma de fuego en grado de tentativa&#8221;.<\/p>\n\n\n\n<p>Moto roja, sus ocupantes con gorras con visera, armados con pistola o rev\u00f3lver y tambi\u00e9n cuchillos. La modalidad coincide en tres delitos recientes. Por todo ello se presume que se trata de iguales autores.<\/p>\n\n\n\n<p>Los dos hechos anteriores ocurrieron el lunes a la noche en el barrio Jos\u00e9 Mar\u00eda Ponce y una c\u00e1mara de seguridad grab\u00f3 el paso de los sospechosos.<\/p>\n\n\n\n<p>Un hombre caminaba sobre la vereda de una casa cuando advirti\u00f3 que iba a ser blanco de un robo por parte de motochorros. Entonces corri\u00f3 y escuch\u00f3 disparos. Al minuto, esos delincuentes atacaron a un motociclista y el resultado fue similar: accionaron el arma a modo de intimidarlo.<\/p>\n","protected":false},"excerpt":{"rendered":"<p>Coinciden sus caracter\u00edsticas f\u00edsicas, modo de vestimenta y, principalmente, los detalles de la motocicleta en la que circulan. Dos delincuentes extremadamente peligrosos cometieron tres asaltos a mano armada en un&hellip; <\/p>\n","protected":false},"author":12,"featured_media":134675,"comment_status":"closed","ping_status":"open","sticky":false,"template":"","format":"standard","meta":{"footnotes":""},"categories":[33],"tags":[],"class_list":["post-134665","post","type-post","status-publish","format-standard","has-post-thumbnail","hentry","category-policiales"],"_links":{"self":[{"href":"https:\/\/corrientesdetarde.com\/index.php\/wp-json\/wp\/v2\/posts\/134665","targetHints":{"allow":["GET"]}}],"collection":[{"href":"https:\/\/corrientesdetarde.com\/index.php\/wp-json\/wp\/v2\/posts"}],"about":[{"href":"https:\/\/corrientesdetarde.com\/index.php\/wp-json\/wp\/v2\/types\/post"}],"author":[{"embeddable":true,"href":"https:\/\/corrientesdetarde.com\/index.php\/wp-json\/wp\/v2\/users\/12"}],"replies":[{"embeddable":true,"href":"https:\/\/corrientesdetarde.com\/index.php\/wp-json\/wp\/v2\/comments?post=134665"}],"version-history":[{"count":1,"href":"https:\/\/corrientesdetarde.com\/index.php\/wp-json\/wp\/v2\/posts\/134665\/revisions"}],"predecessor-version":[{"id":134676,"href":"https:\/\/corrientesdetarde.com\/index.php\/wp-json\/wp\/v2\/posts\/134665\/revisions\/134676"}],"wp:featuredmedia":[{"embeddable":true,"href":"https:\/\/corrientesdetarde.com\/index.php\/wp-json\/wp\/v2\/media\/134675"}],"wp:attachment":[{"href":"https:\/\/corrientesdetarde.com\/index.php\/wp-json\/wp\/v2\/media?parent=134665"}],"wp:term":[{"taxonomy":"category","embeddable":true,"href":"https:\/\/corrientesdetarde.com\/index.php\/wp-json\/wp\/v2\/categories?post=134665"},{"taxonomy":"post_tag","embeddable":true,"href":"https:\/\/corrientesdetarde.com\/index.php\/wp-json\/wp\/v2\/tags?post=134665"}],"curies":[{"name":"wp","href":"https:\/\/api.w.org\/{rel}","templated":true}]}}