{"id":134687,"date":"2024-03-22T09:32:15","date_gmt":"2024-03-22T12:32:15","guid":{"rendered":"https:\/\/corrientesdetarde.com\/?p=134687"},"modified":"2024-03-22T09:32:19","modified_gmt":"2024-03-22T12:32:19","slug":"sin-lionel-messi-la-seleccion-argentina-enfrenta-a-el-salvador-en-estados-unidos-hora-tv-y-formaciones","status":"publish","type":"post","link":"https:\/\/corrientesdetarde.com\/index.php\/deportes\/sin-lionel-messi-la-seleccion-argentina-enfrenta-a-el-salvador-en-estados-unidos-hora-tv-y-formaciones\/","title":{"rendered":"Sin Lionel Messi, la Selecci\u00f3n argentina enfrenta a El Salvador en Estados Unidos: hora, TV y formaciones"},"content":{"rendered":"\n<p>La\u00a0<strong>Selecci\u00f3n argentina<\/strong>\u00a0se enfrentar\u00e1 a\u00a0<strong>El Salvador<\/strong>\u00a0este\u00a0<strong>viernes desde las 21 horas (horario de Argentina)<\/strong>\u00a0por un amistoso correspondiente a la doble fecha FIFA de marzo. La baja m\u00e1s importante para este partido ser\u00e1 la de\u00a0<strong>Lionel Messi<\/strong>, quienno jugar\u00e1 los\u00a0<strong>amistosos de Estados Unidos<\/strong>por una lesi\u00f3n en el isquiotibial. Ser\u00e1 el primer partido del a\u00f1os para los campeones del mundo dirigidos por\u00a0<strong>Lionel Scaloni<\/strong>.<\/p>\n\n\n\n<p>Para el encuentro, que se disputar\u00e1 en el Lincoln Financial Field de Filadelfia y que podr\u00e1 verse por las pantallas de la&nbsp;<em>TV P\u00fablica<\/em>&nbsp;y&nbsp;<em>TyC Sports<\/em>, el t\u00e9cnico de la Albiceleste tuvo que hacerle frente a varias bajas: a la ausencia del capit\u00e1n se le sumaron las de&nbsp;<strong>Paulo Dybala<\/strong>,&nbsp;<strong>Exequiel Palacios<\/strong>&nbsp;y&nbsp;<strong>Marcos Senesi<\/strong>, que debieron quedar desafectados por lesiones. Por su parte tuvieron su primera convocatoria&nbsp;<strong>Valent\u00edn Barco<\/strong>&nbsp;y&nbsp;<strong>Nicol\u00e1s Valentini<\/strong>.<\/p>\n\n\n\n<figure class=\"wp-block-image\"><img decoding=\"async\" src=\"https:\/\/tn.com.ar\/resizer\/kjRvtds2qIpS1UyKpHfNERNF33Y=\/767x0\/smart\/filters:format(webp)\/cloudfront-us-east-1.images.arcpublishing.com\/artear\/ZIJZCA6H2VE5FGS4W5DAAICWI4.jpg\" alt=\"El Colo Barco fue convocado por primera vez a la Selecci\u00f3n argentina. (Foto: AP).\"\/><figcaption class=\"wp-element-caption\">El Colo Barco fue convocado por primera vez a la Selecci\u00f3n argentina. (Foto: AP).<\/figcaption><\/figure>\n\n\n\n<h2 class=\"wp-block-heading\">C\u00f3mo llega la Selecci\u00f3n argentina al amistoso contra El Salvador<\/h2>\n\n\n\n<p>Los \u00faltimos partidos de la Albiceleste fueron el a\u00f1o pasado, en noviembre, por la doble fecha de Eliminatorias Sudamericanas ante Uruguay y Brasil: el duelo frente a la Celeste fue derrota 2-0 del equipo de Scaloni en La Bombonera mientras que el cl\u00e1sico contra el conjunto brasile\u00f1o termin\u00f3 en victoria argentina por 1-0 con gol de Nicol\u00e1s Otamendi.<\/p>\n\n\n\n<figure class=\"wp-block-image\"><img decoding=\"async\" src=\"https:\/\/tn.com.ar\/resizer\/1F6Zy_9v7OdXSJujReyg8nq0YLY=\/767x0\/smart\/filters:format(webp)\/cloudfront-us-east-1.images.arcpublishing.com\/artear\/NG7IHGLXGRBKJJPOOPUSJZZWTM.jfif\" alt=\"El \u00faltimo partido de la Albiceleste fue el triunfo 1-0 ante Brasil por las Eliminatorias Sudamericanas. (Foto: AP)\"\/><figcaption class=\"wp-element-caption\">El \u00faltimo partido de la Albiceleste fue el triunfo 1-0 ante Brasil por las Eliminatorias Sudamericanas. (Foto: AP)<\/figcaption><\/figure>\n\n\n\n<p>La Selecci\u00f3n centroamericana, por su parte, viene de igualar 1-1 ante Bonaire el \u00faltimo mi\u00e9rcoles y de caer 2-0 contra Costa Rica en el mes de febrero.<\/p>\n\n\n\n<h2 class=\"wp-block-heading\">Posible formaci\u00f3n de la Selecci\u00f3n argentina vs. El Salvador, por un amistoso internacional<\/h2>\n\n\n\n<p>Emiliano&nbsp;Mart\u00ednez; Nehu\u00e9n&nbsp;P\u00e9rez, Cristian&nbsp;Romero, Nicol\u00e1s&nbsp;Otamendi, Nicol\u00e1s&nbsp;Tagliafico; Rodrigo&nbsp;De Paul, Enzo&nbsp;Fern\u00e1ndez, Leandro&nbsp;Paredes, Giovanni&nbsp;Lo Celso&nbsp;o Nicol\u00e1s&nbsp;Gonz\u00e1lez; \u00c1ngel&nbsp;Di Mar\u00eda&nbsp;y Lautaro&nbsp;Mart\u00ednez.<strong>&nbsp;DT:<\/strong>&nbsp;Lionel&nbsp;Scaloni.<\/p>\n\n\n\n<h2 class=\"wp-block-heading\">Posible formaci\u00f3n de El Salvador vs. Argentina, por un amistoso internacional<\/h2>\n\n\n\n<p>Mario&nbsp;Gonz\u00e1lez; Tereso&nbsp;Ben\u00edtez, Melvin&nbsp;Cruz, Erick&nbsp;Cabalceta,&nbsp;Jorge&nbsp;Cruz; Diego&nbsp;Flores, \u00d3scar&nbsp;Rodr\u00edguez, Eric&nbsp;Calvillo, Melvin&nbsp;Cartagena; Nelson&nbsp;Bonilla&nbsp;y Brayan&nbsp;Gil.&nbsp;<strong>DT:<\/strong>&nbsp;David&nbsp;D\u00f3niga&nbsp;Lara.<\/p>\n\n\n\n<h2 class=\"wp-block-heading\">C\u00f3mo ver Argentina vs. El Salvador, por un amistoso internacional<\/h2>\n\n\n\n<p>El encuentro que se disputar\u00e1 desde las 21 (hora de la Argentina) podr\u00e1 verse por la&nbsp;<em>TV P\u00fablica<\/em>&nbsp;y por&nbsp;<em>TyC Sports<\/em>.<\/p>\n\n\n\n<h2 class=\"wp-block-heading\">Cu\u00e1ndo vuelve a jugar la Selecci\u00f3n argentina<\/h2>\n\n\n\n<ul class=\"wp-block-list\">\n<li>Argentina vs. Costa Rica, por un amistoso internacional: martes 26 de marzo a las 23.50 (hora de la Argentina).<\/li>\n\n\n\n<li>Argentina vs. Ecuador, por un amistoso internacional: domingo 9 de junio.<\/li>\n\n\n\n<li>Argentina vs. Guatemala, por un amistoso: viernes 14 de junio.<\/li>\n\n\n\n<li>Argentina vs. Trinidad y Tobago\/Canad\u00e1, por la fecha 1 de la Copa Am\u00e9rica: jueves 20 de junio.<\/li>\n\n\n\n<li>Argentina vs. Chile, por la fecha 2 de la Copa Am\u00e9rica: martes 25 de junio.<\/li>\n\n\n\n<li>Argentina vs. Per\u00fa, por la fecha 3 de la Copa Am\u00e9rica: s\u00e1bado 29 de junio.<\/li>\n<\/ul>\n\n\n\n<h2 class=\"wp-block-heading\">Qu\u00e9 lesi\u00f3n tiene Lionel Messi<\/h2>\n\n\n\n<p>En un comunicado oficial de la AFA se inform\u00f3 que \u201cel capit\u00e1n de la Selecci\u00f3n argentina, Lionel Messi, no podr\u00e1 estar en la convocatoria para los amistosos en Estados Unidos&nbsp;<strong>debido a una peque\u00f1a lesi\u00f3n en el isquiotibial de la pierna derecha<\/strong>&nbsp;sufrida en el partido de su equipo Inter Miami ante Nashville SC\u201d.<\/p>\n\n\n\n<figure class=\"wp-block-image\"><img decoding=\"async\" src=\"https:\/\/tn.com.ar\/resizer\/3pZKG92PfNSmijjnrLPcxBRojlM=\/767x0\/smart\/filters:format(webp)\/cloudfront-us-east-1.images.arcpublishing.com\/artear\/PUIRXP6JRBFOPPQOO4GKRLJXCE.jpg\" alt=\"Para evitar riesgos, Messi no estar\u00e1 en los amistosos de la Selecci\u00f3n argentina ante El Salvador y Costa Rica (Foto: AP).\"\/><figcaption class=\"wp-element-caption\">Para evitar riesgos, Messi no estar\u00e1 en los amistosos de la Selecci\u00f3n argentina ante El Salvador y Costa Rica (Foto: AP).<\/figcaption><\/figure>\n\n\n\n<p>En su lugar,&nbsp;<strong>Scaloni decidi\u00f3 convocar a Guido Rodr\u00edguez<\/strong>, que volvi\u00f3 de una operaci\u00f3n. Cabe destacar que el DT tambi\u00e9n tuvo que suplir la repentina ausencia de<strong>&nbsp;Exequiel Palacios<\/strong>.<\/p>\n","protected":false},"excerpt":{"rendered":"<p>La\u00a0Selecci\u00f3n argentina\u00a0se enfrentar\u00e1 a\u00a0El Salvador\u00a0este\u00a0viernes desde las 21 horas (horario de Argentina)\u00a0por un amistoso correspondiente a la doble fecha FIFA de marzo. La baja m\u00e1s importante para este partido ser\u00e1&hellip; <\/p>\n","protected":false},"author":12,"featured_media":134694,"comment_status":"closed","ping_status":"open","sticky":false,"template":"","format":"standard","meta":{"footnotes":""},"categories":[4],"tags":[],"class_list":["post-134687","post","type-post","status-publish","format-standard","has-post-thumbnail","hentry","category-deportes"],"_links":{"self":[{"href":"https:\/\/corrientesdetarde.com\/index.php\/wp-json\/wp\/v2\/posts\/134687","targetHints":{"allow":["GET"]}}],"collection":[{"href":"https:\/\/corrientesdetarde.com\/index.php\/wp-json\/wp\/v2\/posts"}],"about":[{"href":"https:\/\/corrientesdetarde.com\/index.php\/wp-json\/wp\/v2\/types\/post"}],"author":[{"embeddable":true,"href":"https:\/\/corrientesdetarde.com\/index.php\/wp-json\/wp\/v2\/users\/12"}],"replies":[{"embeddable":true,"href":"https:\/\/corrientesdetarde.com\/index.php\/wp-json\/wp\/v2\/comments?post=134687"}],"version-history":[{"count":1,"href":"https:\/\/corrientesdetarde.com\/index.php\/wp-json\/wp\/v2\/posts\/134687\/revisions"}],"predecessor-version":[{"id":134695,"href":"https:\/\/corrientesdetarde.com\/index.php\/wp-json\/wp\/v2\/posts\/134687\/revisions\/134695"}],"wp:featuredmedia":[{"embeddable":true,"href":"https:\/\/corrientesdetarde.com\/index.php\/wp-json\/wp\/v2\/media\/134694"}],"wp:attachment":[{"href":"https:\/\/corrientesdetarde.com\/index.php\/wp-json\/wp\/v2\/media?parent=134687"}],"wp:term":[{"taxonomy":"category","embeddable":true,"href":"https:\/\/corrientesdetarde.com\/index.php\/wp-json\/wp\/v2\/categories?post=134687"},{"taxonomy":"post_tag","embeddable":true,"href":"https:\/\/corrientesdetarde.com\/index.php\/wp-json\/wp\/v2\/tags?post=134687"}],"curies":[{"name":"wp","href":"https:\/\/api.w.org\/{rel}","templated":true}]}}